{"id":12654,"date":"2025-11-04T15:54:06","date_gmt":"2025-11-04T14:54:06","guid":{"rendered":"https:\/\/www.tierschutz-bremerhaven.eu\/?p=12654"},"modified":"2025-11-04T15:54:06","modified_gmt":"2025-11-04T14:54:06","slug":"%e2%9a%a0%ef%b8%8f-pozornost-zmenila-casy-v-nedeli","status":"publish","type":"post","link":"https:\/\/www.tierschutz-bremerhaven.eu\/cs\/%e2%9a%a0%ef%b8%8f-achtung-geaenderte-zeiten-am-sonntag","title":{"rendered":"\u26a0\ufe0f Pozor - v ned\u011bli se m\u011bn\u00ed \u010dasy!"},"content":{"rendered":"<p><br><br>V\u00e1\u017een\u00ed milovn\u00edci zv\u00ed\u0159at,<br>Upozor\u0148ujeme, \u017ee se zm\u011bnily \u010dasy ned\u011bln\u00edch proch\u00e1zek a n\u00e1v\u0161t\u011bv:<br><br>\ud83d\udc3e Ned\u011ble:<br>\u00a0 \u00a0- \u010cas proch\u00e1zky: 10:00 - 14:00 hod.<br>\u00a0 \u00a0- N\u00e1v\u0161t\u011bvn\u00ed doba: 15:00 - 17:00 hod.<br><br>Ve v\u0161ech ostatn\u00edch dnech otev\u0159en\u00fdch dve\u0159\u00ed se p\u0159edchoz\u00ed \u010dasy nem\u011bn\u00ed.<br>D\u011bkujeme v\u00e1m za pochopen\u00ed a podporu - na\u0161e chlupat\u00e9 nosy se t\u011b\u0161\u00ed na va\u0161i n\u00e1v\u0161t\u011bvu! \ud83d\udc36\ud83d\udc9b<\/p>","protected":false},"excerpt":{"rendered":"<p>V\u00e1\u017een\u00ed milovn\u00edci zv\u00ed\u0159at, upozor\u0148ujeme na zm\u011bnu \u010dasu ned\u011bln\u00edch vych\u00e1zek a n\u00e1v\u0161t\u011bv: \ud83d\udc3e ned\u011ble:   - D\u011bkujeme za pochopen\u00ed a p\u0159\u00edze\u0148 - na\u0161e chlupat\u00e9 nosy se t\u011b\u0161\u00ed na va\u0161i n\u00e1v\u0161t\u011bvu! \ud83d\udc36\ud83d\udc9b<\/p>","protected":false},"author":4,"featured_media":0,"comment_status":"closed","ping_status":"","sticky":false,"template":"","format":"standard","meta":{"footnotes":""},"categories":[19],"tags":[],"class_list":["post-12654","post","type-post","status-publish","format-standard","hentry","category-neuigkeiten"],"_links":{"self":[{"href":"https:\/\/www.tierschutz-bremerhaven.eu\/cs\/wp-json\/wp\/v2\/posts\/12654","targetHints":{"allow":["GET"]}}],"collection":[{"href":"https:\/\/www.tierschutz-bremerhaven.eu\/cs\/wp-json\/wp\/v2\/posts"}],"about":[{"href":"https:\/\/www.tierschutz-bremerhaven.eu\/cs\/wp-json\/wp\/v2\/types\/post"}],"author":[{"embeddable":true,"href":"https:\/\/www.tierschutz-bremerhaven.eu\/cs\/wp-json\/wp\/v2\/users\/4"}],"replies":[{"embeddable":true,"href":"https:\/\/www.tierschutz-bremerhaven.eu\/cs\/wp-json\/wp\/v2\/comments?post=12654"}],"version-history":[{"count":1,"href":"https:\/\/www.tierschutz-bremerhaven.eu\/cs\/wp-json\/wp\/v2\/posts\/12654\/revisions"}],"predecessor-version":[{"id":12655,"href":"https:\/\/www.tierschutz-bremerhaven.eu\/cs\/wp-json\/wp\/v2\/posts\/12654\/revisions\/12655"}],"wp:attachment":[{"href":"https:\/\/www.tierschutz-bremerhaven.eu\/cs\/wp-json\/wp\/v2\/media?parent=12654"}],"wp:term":[{"taxonomy":"category","embeddable":true,"href":"https:\/\/www.tierschutz-bremerhaven.eu\/cs\/wp-json\/wp\/v2\/categories?post=12654"},{"taxonomy":"post_tag","embeddable":true,"href":"https:\/\/www.tierschutz-bremerhaven.eu\/cs\/wp-json\/wp\/v2\/tags?post=12654"}],"curies":[{"name":"wp","href":"https:\/\/api.w.org\/{rel}","templated":true}]}}