{"id":13082,"date":"2026-02-11T14:12:34","date_gmt":"2026-02-11T13:12:34","guid":{"rendered":"https:\/\/www.tierschutz-bremerhaven.eu\/?p=13082"},"modified":"2026-02-11T14:12:34","modified_gmt":"2026-02-11T13:12:34","slug":"budouci-den-2026","status":"publish","type":"post","link":"https:\/\/www.tierschutz-bremerhaven.eu\/cs\/zukunftstag-2026","title":{"rendered":"Den budoucnosti 2026"},"content":{"rendered":"<p><strong><mark style=\"background-color:rgba(0, 0, 0, 0)\" class=\"has-inline-color has-vivid-red-color\">Pozor, v\u0161echna m\u00edsta pro rok 2026 jsou obsazena. Pros\u00edme, p\u0159ihlaste se znovu na rok 2027!<\/mark><\/strong><\/p>\n\n\n\n<p>Mnoho \u017e\u00e1k\u016f by r\u00e1do str\u00e1vilo sv\u016fj Den budoucnosti v \u00fatulku pro zv\u00ed\u0159ata. Je proto velmi d\u016fle\u017eit\u00e9, abyste se u n\u00e1s v\u010das zaregistrovali, proto\u017ee po\u010det m\u00edst je omezen.<\/p>\n\n\n\n<p><\/p>","protected":false},"excerpt":{"rendered":"<p>Pozor, v\u0161echna m\u00edsta pro rok 2026 jsou obsazena. Pros\u00edme, p\u0159ihlaste se znovu na rok 2027! Mnoho \u017e\u00e1k\u016f by r\u00e1do str\u00e1vilo sv\u016fj Den budoucnosti v \u00fatulku pro zv\u00ed\u0159ata. Je proto velmi d\u016fle\u017eit\u00e9, abyste se u n\u00e1s v\u010das zaregistrovali, proto\u017ee po\u010det m\u00edst je omezen.<\/p>","protected":false},"author":4,"featured_media":0,"comment_status":"closed","ping_status":"","sticky":false,"template":"","format":"standard","meta":{"footnotes":""},"categories":[19],"tags":[],"class_list":["post-13082","post","type-post","status-publish","format-standard","hentry","category-neuigkeiten"],"_links":{"self":[{"href":"https:\/\/www.tierschutz-bremerhaven.eu\/cs\/wp-json\/wp\/v2\/posts\/13082","targetHints":{"allow":["GET"]}}],"collection":[{"href":"https:\/\/www.tierschutz-bremerhaven.eu\/cs\/wp-json\/wp\/v2\/posts"}],"about":[{"href":"https:\/\/www.tierschutz-bremerhaven.eu\/cs\/wp-json\/wp\/v2\/types\/post"}],"author":[{"embeddable":true,"href":"https:\/\/www.tierschutz-bremerhaven.eu\/cs\/wp-json\/wp\/v2\/users\/4"}],"replies":[{"embeddable":true,"href":"https:\/\/www.tierschutz-bremerhaven.eu\/cs\/wp-json\/wp\/v2\/comments?post=13082"}],"version-history":[{"count":2,"href":"https:\/\/www.tierschutz-bremerhaven.eu\/cs\/wp-json\/wp\/v2\/posts\/13082\/revisions"}],"predecessor-version":[{"id":13084,"href":"https:\/\/www.tierschutz-bremerhaven.eu\/cs\/wp-json\/wp\/v2\/posts\/13082\/revisions\/13084"}],"wp:attachment":[{"href":"https:\/\/www.tierschutz-bremerhaven.eu\/cs\/wp-json\/wp\/v2\/media?parent=13082"}],"wp:term":[{"taxonomy":"category","embeddable":true,"href":"https:\/\/www.tierschutz-bremerhaven.eu\/cs\/wp-json\/wp\/v2\/categories?post=13082"},{"taxonomy":"post_tag","embeddable":true,"href":"https:\/\/www.tierschutz-bremerhaven.eu\/cs\/wp-json\/wp\/v2\/tags?post=13082"}],"curies":[{"name":"wp","href":"https:\/\/api.w.org\/{rel}","templated":true}]}}