{"id":6788,"date":"2022-05-03T09:50:50","date_gmt":"2022-05-03T09:50:50","guid":{"rendered":"https:\/\/www.tierschutz-bremerhaven.eu\/?p=6788"},"modified":"2024-01-08T08:49:57","modified_gmt":"2024-01-08T08:49:57","slug":"budouci-den-2022","status":"publish","type":"post","link":"https:\/\/www.tierschutz-bremerhaven.eu\/cs\/zukunftstag-2022","title":{"rendered":"Budouc\u00ed den 2022"},"content":{"rendered":"<p>Jednou ro\u010dn\u011b otev\u00edr\u00e1 n\u00e1\u0161 \u00fatulek dve\u0159e d\u00edvk\u00e1m a chlapc\u016fm, kte\u0159\u00ed se cht\u011bj\u00ed dozv\u011bd\u011bt v\u00edce o povol\u00e1n\u00ed chovatele zv\u00ed\u0159at.<\/p>\n\n\n\n<p>28. dubna n\u00e1s nav\u0161t\u00edvilo osm d\u00edvek, kter\u00e9 m\u011bly mo\u017enost str\u00e1vit den v z\u00e1kulis\u00ed a poznat ka\u017edodenn\u00ed pracovn\u00ed procesy.<\/p>\n\n\n\n<figure class=\"wp-block-image size-large\"><img fetchpriority=\"high\" decoding=\"async\" width=\"1024\" height=\"576\" src=\"https:\/\/www.tierschutz-bremerhaven.eu\/wp-content\/uploads\/2022\/04\/Zukunftstag-1024x576.jpg\" alt=\"\" class=\"wp-image-6765\" srcset=\"https:\/\/www.tierschutz-bremerhaven.eu\/wp-content\/uploads\/2022\/04\/Zukunftstag-1024x576.jpg 1024w, https:\/\/www.tierschutz-bremerhaven.eu\/wp-content\/uploads\/2022\/04\/Zukunftstag-300x169.jpg 300w, https:\/\/www.tierschutz-bremerhaven.eu\/wp-content\/uploads\/2022\/04\/Zukunftstag-768x432.jpg 768w, https:\/\/www.tierschutz-bremerhaven.eu\/wp-content\/uploads\/2022\/04\/Zukunftstag.jpg 1311w\" sizes=\"(max-width: 1024px) 100vw, 1024px\" \/><\/figure>\n\n\n\n<p>Spole\u010dn\u011b s o\u0161et\u0159ovateli zv\u00ed\u0159at ukl\u00edzeli ko\u010di\u010d\u00ed pokoje a ps\u00ed boudy, krmili na\u0161e hlodavce, upravovali srst n\u011bkter\u00fdch obyvatel \u00fatulku a mohli se sezn\u00e1mit s r\u016fzn\u00fdmi druhy prac\u00ed, kter\u00e9 je t\u0159eba v \u00fatulku vykon\u00e1vat.<\/p>\n\n\n\n<p>Pot\u00e9 si \u017e\u00e1ci mohli prohl\u00e9dnout (s o\u0161et\u0159ovatelkou Elou) v\u0161echny prostory zv\u00ed\u0159ec\u00edho \u00fatulku.<\/p>\n\n\n\n<p>Ale nejlep\u0161\u00ed \u010d\u00e1st\u00ed dne bylo ur\u010dit\u011b hran\u00ed a mazlen\u00ed s na\u0161imi ko\u010dkami a psem Rufusem..........<\/p>\n\n\n\n<figure class=\"wp-block-image size-large is-resized\"><img decoding=\"async\" src=\"https:\/\/www.tierschutz-bremerhaven.eu\/wp-content\/uploads\/2022\/04\/image0-1-731x1024.jpeg\" alt=\"\" class=\"wp-image-6767\" width=\"548\" height=\"768\" srcset=\"https:\/\/www.tierschutz-bremerhaven.eu\/wp-content\/uploads\/2022\/04\/image0-1-731x1024.jpeg 731w, https:\/\/www.tierschutz-bremerhaven.eu\/wp-content\/uploads\/2022\/04\/image0-1-214x300.jpeg 214w, https:\/\/www.tierschutz-bremerhaven.eu\/wp-content\/uploads\/2022\/04\/image0-1-768x1076.jpeg 768w, https:\/\/www.tierschutz-bremerhaven.eu\/wp-content\/uploads\/2022\/04\/image0-1.jpeg 919w\" sizes=\"(max-width: 548px) 100vw, 548px\" \/><\/figure>","protected":false},"excerpt":{"rendered":"<p>Unser Tierheim \u00f6ffnet einmal im Jahr die T\u00fcren f\u00fcr M\u00e4dchen und Jungs, die sich \u00fcber den Beruf des Tierpflegers informieren m\u00f6chten. Am 28. April haben uns acht M\u00e4dchen besucht, konnten einen Tag lang hinter die Kulissen schauen und in die t\u00e4glich Arbeitsabl\u00e4ufe hineinschnuppern. Gemeinsam mit TierpflegerInnen reinigten sie Katzenr\u00e4ume und Hundezwinger, f\u00fctterten unsere Nager, k\u00fcmmerten [&hellip;]<\/p>\n","protected":false},"author":3,"featured_media":0,"comment_status":"closed","ping_status":"closed","sticky":false,"template":"","format":"standard","meta":{"footnotes":""},"categories":[19],"tags":[],"class_list":["post-6788","post","type-post","status-publish","format-standard","hentry","category-neuigkeiten"],"_links":{"self":[{"href":"https:\/\/www.tierschutz-bremerhaven.eu\/cs\/wp-json\/wp\/v2\/posts\/6788","targetHints":{"allow":["GET"]}}],"collection":[{"href":"https:\/\/www.tierschutz-bremerhaven.eu\/cs\/wp-json\/wp\/v2\/posts"}],"about":[{"href":"https:\/\/www.tierschutz-bremerhaven.eu\/cs\/wp-json\/wp\/v2\/types\/post"}],"author":[{"embeddable":true,"href":"https:\/\/www.tierschutz-bremerhaven.eu\/cs\/wp-json\/wp\/v2\/users\/3"}],"replies":[{"embeddable":true,"href":"https:\/\/www.tierschutz-bremerhaven.eu\/cs\/wp-json\/wp\/v2\/comments?post=6788"}],"version-history":[{"count":2,"href":"https:\/\/www.tierschutz-bremerhaven.eu\/cs\/wp-json\/wp\/v2\/posts\/6788\/revisions"}],"predecessor-version":[{"id":6794,"href":"https:\/\/www.tierschutz-bremerhaven.eu\/cs\/wp-json\/wp\/v2\/posts\/6788\/revisions\/6794"}],"wp:attachment":[{"href":"https:\/\/www.tierschutz-bremerhaven.eu\/cs\/wp-json\/wp\/v2\/media?parent=6788"}],"wp:term":[{"taxonomy":"category","embeddable":true,"href":"https:\/\/www.tierschutz-bremerhaven.eu\/cs\/wp-json\/wp\/v2\/categories?post=6788"},{"taxonomy":"post_tag","embeddable":true,"href":"https:\/\/www.tierschutz-bremerhaven.eu\/cs\/wp-json\/wp\/v2\/tags?post=6788"}],"curies":[{"name":"wp","href":"https:\/\/api.w.org\/{rel}","templated":true}]}}