{"id":9887,"date":"2024-03-05T15:21:34","date_gmt":"2024-03-05T14:21:34","guid":{"rendered":"https:\/\/www.tierschutz-bremerhaven.eu\/?p=9887"},"modified":"2024-03-05T15:21:34","modified_gmt":"2024-03-05T14:21:34","slug":"budouci-den-2024","status":"publish","type":"post","link":"https:\/\/www.tierschutz-bremerhaven.eu\/cs\/zukunftstag-2024","title":{"rendered":"Den budoucnosti 2024"},"content":{"rendered":"<p>V\u0161echna m\u00edsta na Den budoucnosti 2024 jsou ji\u017e obsazena.<\/p>\n\n\n\n<p>Mnoho \u017e\u00e1k\u016f by r\u00e1do str\u00e1vilo sv\u016fj Den budoucnosti v \u00fatulku pro zv\u00ed\u0159ata. Je proto velmi d\u016fle\u017eit\u00e9, abyste se u n\u00e1s v\u010das zaregistrovali, proto\u017ee po\u010det m\u00edst je omezen.<\/p>\n\n\n\n<p><\/p>","protected":false},"excerpt":{"rendered":"<p>V\u0161echna m\u00edsta na Den budoucnosti 2024 jsou ji\u017e obsazena. Mnoho \u017e\u00e1k\u016f by r\u00e1do str\u00e1vilo sv\u016fj Den budoucnosti v \u00fatulku pro zv\u00ed\u0159ata. Je proto velmi d\u016fle\u017eit\u00e9, abyste se u n\u00e1s v\u010das p\u0159ihl\u00e1sili, proto\u017ee po\u010det m\u00edst je omezen.<\/p>","protected":false},"author":4,"featured_media":0,"comment_status":"closed","ping_status":"","sticky":false,"template":"","format":"standard","meta":{"footnotes":""},"categories":[19],"tags":[],"class_list":["post-9887","post","type-post","status-publish","format-standard","hentry","category-neuigkeiten"],"_links":{"self":[{"href":"https:\/\/www.tierschutz-bremerhaven.eu\/cs\/wp-json\/wp\/v2\/posts\/9887","targetHints":{"allow":["GET"]}}],"collection":[{"href":"https:\/\/www.tierschutz-bremerhaven.eu\/cs\/wp-json\/wp\/v2\/posts"}],"about":[{"href":"https:\/\/www.tierschutz-bremerhaven.eu\/cs\/wp-json\/wp\/v2\/types\/post"}],"author":[{"embeddable":true,"href":"https:\/\/www.tierschutz-bremerhaven.eu\/cs\/wp-json\/wp\/v2\/users\/4"}],"replies":[{"embeddable":true,"href":"https:\/\/www.tierschutz-bremerhaven.eu\/cs\/wp-json\/wp\/v2\/comments?post=9887"}],"version-history":[{"count":1,"href":"https:\/\/www.tierschutz-bremerhaven.eu\/cs\/wp-json\/wp\/v2\/posts\/9887\/revisions"}],"predecessor-version":[{"id":9888,"href":"https:\/\/www.tierschutz-bremerhaven.eu\/cs\/wp-json\/wp\/v2\/posts\/9887\/revisions\/9888"}],"wp:attachment":[{"href":"https:\/\/www.tierschutz-bremerhaven.eu\/cs\/wp-json\/wp\/v2\/media?parent=9887"}],"wp:term":[{"taxonomy":"category","embeddable":true,"href":"https:\/\/www.tierschutz-bremerhaven.eu\/cs\/wp-json\/wp\/v2\/categories?post=9887"},{"taxonomy":"post_tag","embeddable":true,"href":"https:\/\/www.tierschutz-bremerhaven.eu\/cs\/wp-json\/wp\/v2\/tags?post=9887"}],"curies":[{"name":"wp","href":"https:\/\/api.w.org\/{rel}","templated":true}]}}