{"id":9889,"date":"2025-01-05T15:22:18","date_gmt":"2025-01-05T14:22:18","guid":{"rendered":"https:\/\/www.tierschutz-bremerhaven.eu\/?p=9889"},"modified":"2025-01-09T14:46:47","modified_gmt":"2025-01-09T13:46:47","slug":"budouci-den-2025","status":"publish","type":"post","link":"https:\/\/www.tierschutz-bremerhaven.eu\/cs\/zukunftstag-2025","title":{"rendered":"Den budoucnosti 2025"},"content":{"rendered":"<p class=\"has-vivid-red-color has-text-color has-link-color wp-elements-b1b4c947b6349ec7d41e2a3655be0561\"><strong>Pozor, v\u0161echna m\u00edsta pro 2025 jsou obsazena. Pros\u00edme, p\u0159ihlaste se znovu na rok 2026!<\/strong> <\/p>\n\n\n\n<p class=\"has-black-color has-text-color has-link-color wp-elements-cd081aa468eb690cacb1cbc2b172a725\">Mnoho \u017e\u00e1k\u016f by r\u00e1do str\u00e1vilo sv\u016fj Den budoucnosti v \u00fatulku pro zv\u00ed\u0159ata. Je proto velmi d\u016fle\u017eit\u00e9, abyste se u n\u00e1s v\u010das zaregistrovali, proto\u017ee po\u010det m\u00edst je omezen.<\/p>\n\n\n\n<p>Popt\u00e1vkov\u00e9 obdob\u00ed pro Den budoucnosti 2025 (od 1.1.2025 do 28.2.2025). D\u011bkujeme za v\u00e1\u0161 z\u00e1jem!<\/p>\n\n\n\n<p><\/p>","protected":false},"excerpt":{"rendered":"<p style=\"color:#cf2e2e;font-weight:bold;\">Pozor, v\u0161echna m\u00edsta pro 2025 jsou obsazena. Pros\u00edme, p\u0159ihlaste se znovu na rok 2026!<\/p>\n<p>Mnoho \u017e\u00e1k\u016f by r\u00e1do str\u00e1vilo sv\u016fj Den budoucnosti v \u00fatulku pro zv\u00ed\u0159ata. Je proto velmi d\u016fle\u017eit\u00e9, abyste se u n\u00e1s v\u010das zaregistrovali, proto\u017ee po\u010det m\u00edst je omezen.<\/p>","protected":false},"author":4,"featured_media":0,"comment_status":"closed","ping_status":"closed","sticky":false,"template":"","format":"standard","meta":{"footnotes":""},"categories":[19],"tags":[],"class_list":["post-9889","post","type-post","status-publish","format-standard","hentry","category-neuigkeiten"],"_links":{"self":[{"href":"https:\/\/www.tierschutz-bremerhaven.eu\/cs\/wp-json\/wp\/v2\/posts\/9889","targetHints":{"allow":["GET"]}}],"collection":[{"href":"https:\/\/www.tierschutz-bremerhaven.eu\/cs\/wp-json\/wp\/v2\/posts"}],"about":[{"href":"https:\/\/www.tierschutz-bremerhaven.eu\/cs\/wp-json\/wp\/v2\/types\/post"}],"author":[{"embeddable":true,"href":"https:\/\/www.tierschutz-bremerhaven.eu\/cs\/wp-json\/wp\/v2\/users\/4"}],"replies":[{"embeddable":true,"href":"https:\/\/www.tierschutz-bremerhaven.eu\/cs\/wp-json\/wp\/v2\/comments?post=9889"}],"version-history":[{"count":5,"href":"https:\/\/www.tierschutz-bremerhaven.eu\/cs\/wp-json\/wp\/v2\/posts\/9889\/revisions"}],"predecessor-version":[{"id":11187,"href":"https:\/\/www.tierschutz-bremerhaven.eu\/cs\/wp-json\/wp\/v2\/posts\/9889\/revisions\/11187"}],"wp:attachment":[{"href":"https:\/\/www.tierschutz-bremerhaven.eu\/cs\/wp-json\/wp\/v2\/media?parent=9889"}],"wp:term":[{"taxonomy":"category","embeddable":true,"href":"https:\/\/www.tierschutz-bremerhaven.eu\/cs\/wp-json\/wp\/v2\/categories?post=9889"},{"taxonomy":"post_tag","embeddable":true,"href":"https:\/\/www.tierschutz-bremerhaven.eu\/cs\/wp-json\/wp\/v2\/tags?post=9889"}],"curies":[{"name":"wp","href":"https:\/\/api.w.org\/{rel}","templated":true}]}}