{"id":10028,"date":"2024-03-28T17:00:59","date_gmt":"2024-03-28T16:00:59","guid":{"rendered":"https:\/\/www.tierschutz-bremerhaven.eu\/?p=10028"},"modified":"2024-04-05T08:05:42","modified_gmt":"2024-04-05T07:05:42","slug":"andragende","status":"publish","type":"post","link":"https:\/\/www.tierschutz-bremerhaven.eu\/da\/petition","title":{"rendered":"Andragende"},"content":{"rendered":"<p>Gode nyheder, k\u00e6re dyre(beskyttelses)venner!<\/p>\n\n\n\n<p>Vi har klaret det! Vores underskriftsindsamling blev lagt online den 15. marts 2024 og har allerede n\u00e5et over 1000 underskrifter!<\/p>\n\n\n\n<p>Det er helt utroligt, og det viser, hvilket vidunderligt f\u00e6llesskab vi er! Fra bunden af vores hjerter vil vi gerne takke hver eneste af jer, der har skrevet under, delt og st\u00f8ttet os.<\/p>\n\n\n\n<p>Jeres solidaritet er overv\u00e6ldende og giver os styrke til at forts\u00e6tte!<\/p>\n\n\n\n<p>Men vores arbejde er ikke f\u00e6rdigt endnu. Vi m\u00e5 ikke glemme, at der stadig er mange dyr, der har brug for hj\u00e6lp.<\/p>\n\n\n\n<p>Derfor beder vi jer alle om fortsat at st\u00f8tte vores underskriftsindsamling \"L21-65 Dyrevelf\u00e6rd i delstaten Bremen\" og g\u00f8re opm\u00e6rksom p\u00e5 den.<\/p>\n\n\n\n<p>Lad os k\u00e6mpe sammen for at sikre, at dyr som Egon sk\u00e5nes for lidelser, og at dyrevelf\u00e6rden styrkes!<\/p>\n\n\n\n<p>Her er QR-koden og linket til underskriftsindsamlingen: <\/p>\n\n\n\n<figure class=\"wp-block-image size-full is-resized\"><img fetchpriority=\"high\" decoding=\"async\" width=\"867\" height=\"867\" src=\"https:\/\/www.tierschutz-bremerhaven.eu\/wp-content\/uploads\/2024\/04\/QR-Code_Tierheim_Petition_04-24.jpg\" alt=\"\" class=\"wp-image-10080\" style=\"width:163px;height:auto\" srcset=\"https:\/\/www.tierschutz-bremerhaven.eu\/wp-content\/uploads\/2024\/04\/QR-Code_Tierheim_Petition_04-24.jpg 867w, https:\/\/www.tierschutz-bremerhaven.eu\/wp-content\/uploads\/2024\/04\/QR-Code_Tierheim_Petition_04-24-300x300.jpg 300w, https:\/\/www.tierschutz-bremerhaven.eu\/wp-content\/uploads\/2024\/04\/QR-Code_Tierheim_Petition_04-24-150x150.jpg 150w, https:\/\/www.tierschutz-bremerhaven.eu\/wp-content\/uploads\/2024\/04\/QR-Code_Tierheim_Petition_04-24-768x768.jpg 768w, https:\/\/www.tierschutz-bremerhaven.eu\/wp-content\/uploads\/2024\/04\/QR-Code_Tierheim_Petition_04-24-12x12.jpg 12w\" sizes=\"(max-width: 867px) 100vw, 867px\" \/><\/figure>\n\n\n\n<p><a href=\"https:\/\/petition.bremische-buergerschaft.de\/index.php?n=petitionsdetails&amp;s=1&amp;c=date_public&amp;d=DESC&amp;b=0&amp;l=10&amp;searchstring&amp;pID=4866&amp;fbclid=IwAR3MCtiZEc1ZTFydu-OHKLnK-Uige_du8THOjsgTvX61Se8yIEQCQO-7rZQ\" target=\"_blank\" rel=\"noreferrer noopener\">https:\/\/petition.bremische-buergerschaft.de\/index.php?n=petitionsdetails&amp;s=1&amp;c=date_public&amp;d=DESC&amp;b=0&amp;l=10&amp;searchstring=&amp;pID=4866<\/a><\/p>\n\n\n\n<p>Lad os forts\u00e6tte med at st\u00e5 sammen og g\u00f8re en forskel!<\/p>","protected":false},"excerpt":{"rendered":"<p>Gro\u00dfartige Neuigkeiten, liebe Tier(schutz)freunde! Wir haben es geschafft! Unsere Petition wurde am 15.03.2024 online gestellt und hat bereits \u00fcber 1000 Mitzeichnungen erreicht! Das ist einfach unglaublich und es zeigt, welch wunderbare Gemeinschaft wir sind! Von ganzem Herzen m\u00f6chten wir uns bei jedem einzelnen von euch bedanken, der mitgezeichnet, geteilt und uns unterst\u00fctzt hat. Eure Solidarit\u00e4t [&hellip;]<\/p>\n","protected":false},"author":4,"featured_media":0,"comment_status":"closed","ping_status":"","sticky":false,"template":"","format":"standard","meta":{"footnotes":""},"categories":[19],"tags":[],"class_list":["post-10028","post","type-post","status-publish","format-standard","hentry","category-neuigkeiten"],"_links":{"self":[{"href":"https:\/\/www.tierschutz-bremerhaven.eu\/da\/wp-json\/wp\/v2\/posts\/10028","targetHints":{"allow":["GET"]}}],"collection":[{"href":"https:\/\/www.tierschutz-bremerhaven.eu\/da\/wp-json\/wp\/v2\/posts"}],"about":[{"href":"https:\/\/www.tierschutz-bremerhaven.eu\/da\/wp-json\/wp\/v2\/types\/post"}],"author":[{"embeddable":true,"href":"https:\/\/www.tierschutz-bremerhaven.eu\/da\/wp-json\/wp\/v2\/users\/4"}],"replies":[{"embeddable":true,"href":"https:\/\/www.tierschutz-bremerhaven.eu\/da\/wp-json\/wp\/v2\/comments?post=10028"}],"version-history":[{"count":2,"href":"https:\/\/www.tierschutz-bremerhaven.eu\/da\/wp-json\/wp\/v2\/posts\/10028\/revisions"}],"predecessor-version":[{"id":10081,"href":"https:\/\/www.tierschutz-bremerhaven.eu\/da\/wp-json\/wp\/v2\/posts\/10028\/revisions\/10081"}],"wp:attachment":[{"href":"https:\/\/www.tierschutz-bremerhaven.eu\/da\/wp-json\/wp\/v2\/media?parent=10028"}],"wp:term":[{"taxonomy":"category","embeddable":true,"href":"https:\/\/www.tierschutz-bremerhaven.eu\/da\/wp-json\/wp\/v2\/categories?post=10028"},{"taxonomy":"post_tag","embeddable":true,"href":"https:\/\/www.tierschutz-bremerhaven.eu\/da\/wp-json\/wp\/v2\/tags?post=10028"}],"curies":[{"name":"wp","href":"https:\/\/api.w.org\/{rel}","templated":true}]}}