{"id":6788,"date":"2022-05-03T09:50:50","date_gmt":"2022-05-03T09:50:50","guid":{"rendered":"https:\/\/www.tierschutz-bremerhaven.eu\/?p=6788"},"modified":"2024-01-08T08:49:57","modified_gmt":"2024-01-08T08:49:57","slug":"fremtidig-dag-2022","status":"publish","type":"post","link":"https:\/\/www.tierschutz-bremerhaven.eu\/da\/zukunftstag-2022","title":{"rendered":"Fremtidens dag 2022"},"content":{"rendered":"<p>En gang om \u00e5ret \u00e5bner vores dyreinternat d\u00f8rene for piger og drenge, som gerne vil vide mere om erhvervet som dyrepasser.<\/p>\n\n\n\n<p>Den 28. april fik vi bes\u00f8g af otte piger, som kunne bruge en dag p\u00e5 at kigge bag kulisserne og f\u00e5 en smagspr\u00f8ve p\u00e5 de daglige arbejdsprocesser.<\/p>\n\n\n\n<figure class=\"wp-block-image size-large\"><img fetchpriority=\"high\" decoding=\"async\" width=\"1024\" height=\"576\" src=\"https:\/\/www.tierschutz-bremerhaven.eu\/wp-content\/uploads\/2022\/04\/Zukunftstag-1024x576.jpg\" alt=\"\" class=\"wp-image-6765\" srcset=\"https:\/\/www.tierschutz-bremerhaven.eu\/wp-content\/uploads\/2022\/04\/Zukunftstag-1024x576.jpg 1024w, https:\/\/www.tierschutz-bremerhaven.eu\/wp-content\/uploads\/2022\/04\/Zukunftstag-300x169.jpg 300w, https:\/\/www.tierschutz-bremerhaven.eu\/wp-content\/uploads\/2022\/04\/Zukunftstag-768x432.jpg 768w, https:\/\/www.tierschutz-bremerhaven.eu\/wp-content\/uploads\/2022\/04\/Zukunftstag.jpg 1311w\" sizes=\"(max-width: 1024px) 100vw, 1024px\" \/><\/figure>\n\n\n\n<p>Sammen med dyrepasserne gjorde de rent i katte- og hundeg\u00e5rde, fodrede vores gnavere, plejede pelsen p\u00e5 nogle af internatets beboere og fik mulighed for at se de forskellige typer arbejde, der skal udf\u00f8res p\u00e5 internatet.<\/p>\n\n\n\n<p>Bagefter kunne eleverne f\u00e5 en rundvisning (med dyrepasser Ela) i alle omr\u00e5der af dyrecentret.<\/p>\n\n\n\n<p>Men det bedste ved dagen var helt sikkert at lege og k\u00e6le med vores katte og hunden Rufus....<\/p>\n\n\n\n<figure class=\"wp-block-image size-large is-resized\"><img decoding=\"async\" src=\"https:\/\/www.tierschutz-bremerhaven.eu\/wp-content\/uploads\/2022\/04\/image0-1-731x1024.jpeg\" alt=\"\" class=\"wp-image-6767\" width=\"548\" height=\"768\" srcset=\"https:\/\/www.tierschutz-bremerhaven.eu\/wp-content\/uploads\/2022\/04\/image0-1-731x1024.jpeg 731w, https:\/\/www.tierschutz-bremerhaven.eu\/wp-content\/uploads\/2022\/04\/image0-1-214x300.jpeg 214w, https:\/\/www.tierschutz-bremerhaven.eu\/wp-content\/uploads\/2022\/04\/image0-1-768x1076.jpeg 768w, https:\/\/www.tierschutz-bremerhaven.eu\/wp-content\/uploads\/2022\/04\/image0-1.jpeg 919w\" sizes=\"(max-width: 548px) 100vw, 548px\" \/><\/figure>","protected":false},"excerpt":{"rendered":"<p>Unser Tierheim \u00f6ffnet einmal im Jahr die T\u00fcren f\u00fcr M\u00e4dchen und Jungs, die sich \u00fcber den Beruf des Tierpflegers informieren m\u00f6chten. Am 28. April haben uns acht M\u00e4dchen besucht, konnten einen Tag lang hinter die Kulissen schauen und in die t\u00e4glich Arbeitsabl\u00e4ufe hineinschnuppern. Gemeinsam mit TierpflegerInnen reinigten sie Katzenr\u00e4ume und Hundezwinger, f\u00fctterten unsere Nager, k\u00fcmmerten [&hellip;]<\/p>\n","protected":false},"author":3,"featured_media":0,"comment_status":"closed","ping_status":"closed","sticky":false,"template":"","format":"standard","meta":{"footnotes":""},"categories":[19],"tags":[],"class_list":["post-6788","post","type-post","status-publish","format-standard","hentry","category-neuigkeiten"],"_links":{"self":[{"href":"https:\/\/www.tierschutz-bremerhaven.eu\/da\/wp-json\/wp\/v2\/posts\/6788","targetHints":{"allow":["GET"]}}],"collection":[{"href":"https:\/\/www.tierschutz-bremerhaven.eu\/da\/wp-json\/wp\/v2\/posts"}],"about":[{"href":"https:\/\/www.tierschutz-bremerhaven.eu\/da\/wp-json\/wp\/v2\/types\/post"}],"author":[{"embeddable":true,"href":"https:\/\/www.tierschutz-bremerhaven.eu\/da\/wp-json\/wp\/v2\/users\/3"}],"replies":[{"embeddable":true,"href":"https:\/\/www.tierschutz-bremerhaven.eu\/da\/wp-json\/wp\/v2\/comments?post=6788"}],"version-history":[{"count":2,"href":"https:\/\/www.tierschutz-bremerhaven.eu\/da\/wp-json\/wp\/v2\/posts\/6788\/revisions"}],"predecessor-version":[{"id":6794,"href":"https:\/\/www.tierschutz-bremerhaven.eu\/da\/wp-json\/wp\/v2\/posts\/6788\/revisions\/6794"}],"wp:attachment":[{"href":"https:\/\/www.tierschutz-bremerhaven.eu\/da\/wp-json\/wp\/v2\/media?parent=6788"}],"wp:term":[{"taxonomy":"category","embeddable":true,"href":"https:\/\/www.tierschutz-bremerhaven.eu\/da\/wp-json\/wp\/v2\/categories?post=6788"},{"taxonomy":"post_tag","embeddable":true,"href":"https:\/\/www.tierschutz-bremerhaven.eu\/da\/wp-json\/wp\/v2\/tags?post=6788"}],"curies":[{"name":"wp","href":"https:\/\/api.w.org\/{rel}","templated":true}]}}