{"id":9889,"date":"2025-01-05T15:22:18","date_gmt":"2025-01-05T14:22:18","guid":{"rendered":"https:\/\/www.tierschutz-bremerhaven.eu\/?p=9889"},"modified":"2025-01-09T14:46:47","modified_gmt":"2025-01-09T13:46:47","slug":"zukunftstag-2025","status":"publish","type":"post","link":"https:\/\/www.tierschutz-bremerhaven.eu\/de\/zukunftstag-2025","title":{"rendered":"Zukunftstag 2025"},"content":{"rendered":"\n\n\n<p class=\"has-vivid-red-color has-text-color has-link-color wp-elements-b1b4c947b6349ec7d41e2a3655be0561\"><strong>Achtung, f\u00fcr 2025 sind alle Pl\u00e4tze vergeben. Meldet Euch gerne wieder f\u00fcr das Jahr 2026!<\/strong> <\/p>\n\n\n\n<p class=\"has-black-color has-text-color has-link-color wp-elements-cd081aa468eb690cacb1cbc2b172a725\">Den Zukunftstag im Tierheim zu verbringen, ist der Wunsch sehr vieler Sch\u00fclerinnen und Sch\u00fcler. Deshalb ist es sehr wichtig, dass Ihr Euch rechtzeitig bei uns anmeldet, da die Pl\u00e4tze begrenzt sind.<\/p>\n\n\n\n<p>Anfragezeitraum f\u00fcr den Zukunftstag 2025 (01.01.2025 bis zum 28.02.2025). Danke f\u00fcr Euer Interesse!\ud83d\ude0a<\/p>\n\n\n\n<p><\/p>\n","protected":false},"excerpt":{"rendered":"<p style=\"color:#cf2e2e;font-weight:bold;\">Achtung, f\u00fcr 2025 sind alle Pl\u00e4tze vergeben. Meldet Euch gerne wieder f\u00fcr das Jahr 2026!<\/p>\n<p>Den Zukunftstag im Tierheim zu verbringen, ist der Wunsch sehr vieler Sch\u00fclerinnen und Sch\u00fcler. Deshalb ist es sehr wichtig, dass Ihr Euch rechtzeitig bei uns anmeldet, da die Pl\u00e4tze begrenzt sind.<\/p>\n","protected":false},"author":4,"featured_media":0,"comment_status":"closed","ping_status":"closed","sticky":false,"template":"","format":"standard","meta":{"footnotes":""},"categories":[19],"tags":[],"class_list":["post-9889","post","type-post","status-publish","format-standard","hentry","category-neuigkeiten"],"_links":{"self":[{"href":"https:\/\/www.tierschutz-bremerhaven.eu\/de\/wp-json\/wp\/v2\/posts\/9889","targetHints":{"allow":["GET"]}}],"collection":[{"href":"https:\/\/www.tierschutz-bremerhaven.eu\/de\/wp-json\/wp\/v2\/posts"}],"about":[{"href":"https:\/\/www.tierschutz-bremerhaven.eu\/de\/wp-json\/wp\/v2\/types\/post"}],"author":[{"embeddable":true,"href":"https:\/\/www.tierschutz-bremerhaven.eu\/de\/wp-json\/wp\/v2\/users\/4"}],"replies":[{"embeddable":true,"href":"https:\/\/www.tierschutz-bremerhaven.eu\/de\/wp-json\/wp\/v2\/comments?post=9889"}],"version-history":[{"count":5,"href":"https:\/\/www.tierschutz-bremerhaven.eu\/de\/wp-json\/wp\/v2\/posts\/9889\/revisions"}],"predecessor-version":[{"id":11187,"href":"https:\/\/www.tierschutz-bremerhaven.eu\/de\/wp-json\/wp\/v2\/posts\/9889\/revisions\/11187"}],"wp:attachment":[{"href":"https:\/\/www.tierschutz-bremerhaven.eu\/de\/wp-json\/wp\/v2\/media?parent=9889"}],"wp:term":[{"taxonomy":"category","embeddable":true,"href":"https:\/\/www.tierschutz-bremerhaven.eu\/de\/wp-json\/wp\/v2\/categories?post=9889"},{"taxonomy":"post_tag","embeddable":true,"href":"https:\/\/www.tierschutz-bremerhaven.eu\/de\/wp-json\/wp\/v2\/tags?post=9889"}],"curies":[{"name":"wp","href":"https:\/\/api.w.org\/{rel}","templated":true}]}}