{"id":12654,"date":"2025-11-04T15:54:06","date_gmt":"2025-11-04T14:54:06","guid":{"rendered":"https:\/\/www.tierschutz-bremerhaven.eu\/?p=12654"},"modified":"2025-11-04T15:54:06","modified_gmt":"2025-11-04T14:54:06","slug":"%e2%9a%a0%ef%b8%8f-attention-changement-dhoraires-le-dimanche","status":"publish","type":"post","link":"https:\/\/www.tierschutz-bremerhaven.eu\/fr\/%e2%9a%a0%ef%b8%8f-achtung-geaenderte-zeiten-am-sonntag","title":{"rendered":"\u26a0\ufe0f Attention - horaires modifi\u00e9s le dimanche !"},"content":{"rendered":"<p><br><br>Chers amis des animaux<br>veuillez noter que nos heures de promenade et de visite le dimanche ont \u00e9t\u00e9 modifi\u00e9es :<br><br>\ud83d\udc3e dimanche :<br>\u00a0 \u00a0- Horaires de promenade : 10h00 - 14h00<br>\u00a0 \u00a0- Heures de visite : 15h00 - 17h00<br><br>Pour tous les autres jours d'ouverture, les horaires actuels sont maintenus.<br>Merci de votre compr\u00e9hension et de votre soutien - nos amis \u00e0 fourrure se r\u00e9jouissent de votre visite ! \ud83d\udc36\ud83d\udc9b<\/p>","protected":false},"excerpt":{"rendered":"<p>Chers amis des animaux, veuillez noter que nos horaires de promenade et de visite ont chang\u00e9 le dimanche : \ud83d\udc3e Dimanche :   - Heures de promenade : 10:00 - 14:00 - Heures de visite : 15:00 - 17:00 Tous les autres jours d'ouverture, les horaires pr\u00e9c\u00e9dents restent inchang\u00e9s.Merci de votre compr\u00e9hension et de votre soutien - nos amis \u00e0 poils se r\u00e9jouissent de votre visite ! \ud83d\udc36\ud83d\udc9b<\/p>","protected":false},"author":4,"featured_media":0,"comment_status":"closed","ping_status":"","sticky":false,"template":"","format":"standard","meta":{"footnotes":""},"categories":[19],"tags":[],"class_list":["post-12654","post","type-post","status-publish","format-standard","hentry","category-neuigkeiten"],"_links":{"self":[{"href":"https:\/\/www.tierschutz-bremerhaven.eu\/fr\/wp-json\/wp\/v2\/posts\/12654","targetHints":{"allow":["GET"]}}],"collection":[{"href":"https:\/\/www.tierschutz-bremerhaven.eu\/fr\/wp-json\/wp\/v2\/posts"}],"about":[{"href":"https:\/\/www.tierschutz-bremerhaven.eu\/fr\/wp-json\/wp\/v2\/types\/post"}],"author":[{"embeddable":true,"href":"https:\/\/www.tierschutz-bremerhaven.eu\/fr\/wp-json\/wp\/v2\/users\/4"}],"replies":[{"embeddable":true,"href":"https:\/\/www.tierschutz-bremerhaven.eu\/fr\/wp-json\/wp\/v2\/comments?post=12654"}],"version-history":[{"count":1,"href":"https:\/\/www.tierschutz-bremerhaven.eu\/fr\/wp-json\/wp\/v2\/posts\/12654\/revisions"}],"predecessor-version":[{"id":12655,"href":"https:\/\/www.tierschutz-bremerhaven.eu\/fr\/wp-json\/wp\/v2\/posts\/12654\/revisions\/12655"}],"wp:attachment":[{"href":"https:\/\/www.tierschutz-bremerhaven.eu\/fr\/wp-json\/wp\/v2\/media?parent=12654"}],"wp:term":[{"taxonomy":"category","embeddable":true,"href":"https:\/\/www.tierschutz-bremerhaven.eu\/fr\/wp-json\/wp\/v2\/categories?post=12654"},{"taxonomy":"post_tag","embeddable":true,"href":"https:\/\/www.tierschutz-bremerhaven.eu\/fr\/wp-json\/wp\/v2\/tags?post=12654"}],"curies":[{"name":"wp","href":"https:\/\/api.w.org\/{rel}","templated":true}]}}