{"id":13082,"date":"2026-02-11T14:12:34","date_gmt":"2026-02-11T13:12:34","guid":{"rendered":"https:\/\/www.tierschutz-bremerhaven.eu\/?p=13082"},"modified":"2026-02-11T14:12:34","modified_gmt":"2026-02-11T13:12:34","slug":"journee-du-futur-2026","status":"publish","type":"post","link":"https:\/\/www.tierschutz-bremerhaven.eu\/fr\/zukunftstag-2026","title":{"rendered":"Futur en tous genres 2026"},"content":{"rendered":"<p><strong><mark style=\"background-color:rgba(0, 0, 0, 0)\" class=\"has-inline-color has-vivid-red-color\">Attention, toutes les places pour 2026 sont prises. N'h\u00e9sitez pas \u00e0 vous r\u00e9inscrire pour l'ann\u00e9e 2027 !<\/mark><\/strong><\/p>\n\n\n\n<p>Passer la journ\u00e9e Futur en tous genres au refuge pour animaux est le souhait de tr\u00e8s nombreux \u00e9l\u00e8ves. C'est pourquoi il est tr\u00e8s important que vous vous inscriviez \u00e0 temps chez nous, car les places sont limit\u00e9es.<\/p>\n\n\n\n<p><\/p>","protected":false},"excerpt":{"rendered":"<p>Attention, toutes les places pour 2026 sont prises. N'h\u00e9sitez pas \u00e0 vous r\u00e9inscrire pour l'ann\u00e9e 2027 ! Passer la journ\u00e9e \"Futur en tous genres\" au refuge pour animaux est le souhait de tr\u00e8s nombreux \u00e9l\u00e8ves. C'est pourquoi il est tr\u00e8s important que vous vous inscriviez \u00e0 temps chez nous, car les places sont limit\u00e9es.<\/p>","protected":false},"author":4,"featured_media":0,"comment_status":"closed","ping_status":"","sticky":false,"template":"","format":"standard","meta":{"footnotes":""},"categories":[19],"tags":[],"class_list":["post-13082","post","type-post","status-publish","format-standard","hentry","category-neuigkeiten"],"_links":{"self":[{"href":"https:\/\/www.tierschutz-bremerhaven.eu\/fr\/wp-json\/wp\/v2\/posts\/13082","targetHints":{"allow":["GET"]}}],"collection":[{"href":"https:\/\/www.tierschutz-bremerhaven.eu\/fr\/wp-json\/wp\/v2\/posts"}],"about":[{"href":"https:\/\/www.tierschutz-bremerhaven.eu\/fr\/wp-json\/wp\/v2\/types\/post"}],"author":[{"embeddable":true,"href":"https:\/\/www.tierschutz-bremerhaven.eu\/fr\/wp-json\/wp\/v2\/users\/4"}],"replies":[{"embeddable":true,"href":"https:\/\/www.tierschutz-bremerhaven.eu\/fr\/wp-json\/wp\/v2\/comments?post=13082"}],"version-history":[{"count":2,"href":"https:\/\/www.tierschutz-bremerhaven.eu\/fr\/wp-json\/wp\/v2\/posts\/13082\/revisions"}],"predecessor-version":[{"id":13084,"href":"https:\/\/www.tierschutz-bremerhaven.eu\/fr\/wp-json\/wp\/v2\/posts\/13082\/revisions\/13084"}],"wp:attachment":[{"href":"https:\/\/www.tierschutz-bremerhaven.eu\/fr\/wp-json\/wp\/v2\/media?parent=13082"}],"wp:term":[{"taxonomy":"category","embeddable":true,"href":"https:\/\/www.tierschutz-bremerhaven.eu\/fr\/wp-json\/wp\/v2\/categories?post=13082"},{"taxonomy":"post_tag","embeddable":true,"href":"https:\/\/www.tierschutz-bremerhaven.eu\/fr\/wp-json\/wp\/v2\/tags?post=13082"}],"curies":[{"name":"wp","href":"https:\/\/api.w.org\/{rel}","templated":true}]}}