{"id":9889,"date":"2025-01-05T15:22:18","date_gmt":"2025-01-05T14:22:18","guid":{"rendered":"https:\/\/www.tierschutz-bremerhaven.eu\/?p=9889"},"modified":"2025-01-09T14:46:47","modified_gmt":"2025-01-09T13:46:47","slug":"journee-davenir-2025","status":"publish","type":"post","link":"https:\/\/www.tierschutz-bremerhaven.eu\/fr\/zukunftstag-2025","title":{"rendered":"Futur en tous genres 2025"},"content":{"rendered":"<p class=\"has-vivid-red-color has-text-color has-link-color wp-elements-b1b4c947b6349ec7d41e2a3655be0561\"><strong>Attention, toutes les places pour 2025 sont prises. N'h\u00e9sitez pas \u00e0 vous r\u00e9inscrire pour l'ann\u00e9e 2026 !<\/strong> <\/p>\n\n\n\n<p class=\"has-black-color has-text-color has-link-color wp-elements-cd081aa468eb690cacb1cbc2b172a725\">Passer la journ\u00e9e Futur en tous genres au refuge pour animaux est le souhait de tr\u00e8s nombreux \u00e9l\u00e8ves. C'est pourquoi il est tr\u00e8s important que vous vous inscriviez \u00e0 temps chez nous, car les places sont limit\u00e9es.<\/p>\n\n\n\n<p>P\u00e9riode de demande pour la journ\u00e9e Futur en tous genres 2025 (du 01.01.2025 au 28.02.2025). Merci de votre int\u00e9r\u00eat!\ud83d\ude0a<\/p>\n\n\n\n<p><\/p>","protected":false},"excerpt":{"rendered":"<p style=\"color:#cf2e2e;font-weight:bold;\">Attention, toutes les places pour 2025 sont prises. N'h\u00e9sitez pas \u00e0 vous r\u00e9inscrire pour l'ann\u00e9e 2026 !<\/p>\n<p>Passer la journ\u00e9e Futur en tous genres au refuge pour animaux est le souhait de tr\u00e8s nombreux \u00e9l\u00e8ves. C'est pourquoi il est tr\u00e8s important que vous vous inscriviez \u00e0 temps chez nous, car les places sont limit\u00e9es.<\/p>","protected":false},"author":4,"featured_media":0,"comment_status":"closed","ping_status":"closed","sticky":false,"template":"","format":"standard","meta":{"footnotes":""},"categories":[19],"tags":[],"class_list":["post-9889","post","type-post","status-publish","format-standard","hentry","category-neuigkeiten"],"_links":{"self":[{"href":"https:\/\/www.tierschutz-bremerhaven.eu\/fr\/wp-json\/wp\/v2\/posts\/9889","targetHints":{"allow":["GET"]}}],"collection":[{"href":"https:\/\/www.tierschutz-bremerhaven.eu\/fr\/wp-json\/wp\/v2\/posts"}],"about":[{"href":"https:\/\/www.tierschutz-bremerhaven.eu\/fr\/wp-json\/wp\/v2\/types\/post"}],"author":[{"embeddable":true,"href":"https:\/\/www.tierschutz-bremerhaven.eu\/fr\/wp-json\/wp\/v2\/users\/4"}],"replies":[{"embeddable":true,"href":"https:\/\/www.tierschutz-bremerhaven.eu\/fr\/wp-json\/wp\/v2\/comments?post=9889"}],"version-history":[{"count":5,"href":"https:\/\/www.tierschutz-bremerhaven.eu\/fr\/wp-json\/wp\/v2\/posts\/9889\/revisions"}],"predecessor-version":[{"id":11187,"href":"https:\/\/www.tierschutz-bremerhaven.eu\/fr\/wp-json\/wp\/v2\/posts\/9889\/revisions\/11187"}],"wp:attachment":[{"href":"https:\/\/www.tierschutz-bremerhaven.eu\/fr\/wp-json\/wp\/v2\/media?parent=9889"}],"wp:term":[{"taxonomy":"category","embeddable":true,"href":"https:\/\/www.tierschutz-bremerhaven.eu\/fr\/wp-json\/wp\/v2\/categories?post=9889"},{"taxonomy":"post_tag","embeddable":true,"href":"https:\/\/www.tierschutz-bremerhaven.eu\/fr\/wp-json\/wp\/v2\/tags?post=9889"}],"curies":[{"name":"wp","href":"https:\/\/api.w.org\/{rel}","templated":true}]}}