{"id":10861,"date":"2024-10-22T12:43:09","date_gmt":"2024-10-22T11:43:09","guid":{"rendered":"https:\/\/www.tierschutz-bremerhaven.eu\/?p=10861"},"modified":"2024-10-22T12:43:09","modified_gmt":"2024-10-22T11:43:09","slug":"a-gyaloglas-nem-toertenik-meg-2","status":"publish","type":"post","link":"https:\/\/www.tierschutz-bremerhaven.eu\/hu\/gassigehen-findet-nicht-statt-2","title":{"rendered":"A kutyas\u00e9t\u00e1ltat\u00e1sra nem ker\u00fcl sor!"},"content":{"rendered":"<p>22.10.2024<\/p>\n\n\n\n<p>Kedves \u00e1llatbar\u00e1tok!<\/p>\n\n\n\n<p>Sajnos a gyalogl\u00e1s tov\u00e1bbi \u00e9rtes\u00edt\u00e9sig elmarad. Amint \u00fajra lehets\u00e9ges, felvessz\u00fck \u00d6nnel a kapcsolatot. K\u00f6sz\u00f6nj\u00fck meg\u00e9rt\u00e9s\u00fcket\ud83c\udf38<\/p>","protected":false},"excerpt":{"rendered":"<p>22.10.2024 Kedves \u00e1llatbar\u00e1tok, sajnos a s\u00e9t\u00e1kat tov\u00e1bbi \u00e9rtes\u00edt\u00e9sig t\u00f6r\u00f6lni kell. Amint \u00fajra lehets\u00e9ges, felvessz\u00fck veletek a kapcsolatot. K\u00f6sz\u00f6nj\u00fck meg\u00e9rt\u00e9s\u00fcket\ud83c\udf38<\/p>","protected":false},"author":4,"featured_media":0,"comment_status":"closed","ping_status":"","sticky":false,"template":"","format":"standard","meta":{"footnotes":""},"categories":[19],"tags":[],"class_list":["post-10861","post","type-post","status-publish","format-standard","hentry","category-neuigkeiten"],"_links":{"self":[{"href":"https:\/\/www.tierschutz-bremerhaven.eu\/hu\/wp-json\/wp\/v2\/posts\/10861","targetHints":{"allow":["GET"]}}],"collection":[{"href":"https:\/\/www.tierschutz-bremerhaven.eu\/hu\/wp-json\/wp\/v2\/posts"}],"about":[{"href":"https:\/\/www.tierschutz-bremerhaven.eu\/hu\/wp-json\/wp\/v2\/types\/post"}],"author":[{"embeddable":true,"href":"https:\/\/www.tierschutz-bremerhaven.eu\/hu\/wp-json\/wp\/v2\/users\/4"}],"replies":[{"embeddable":true,"href":"https:\/\/www.tierschutz-bremerhaven.eu\/hu\/wp-json\/wp\/v2\/comments?post=10861"}],"version-history":[{"count":1,"href":"https:\/\/www.tierschutz-bremerhaven.eu\/hu\/wp-json\/wp\/v2\/posts\/10861\/revisions"}],"predecessor-version":[{"id":10862,"href":"https:\/\/www.tierschutz-bremerhaven.eu\/hu\/wp-json\/wp\/v2\/posts\/10861\/revisions\/10862"}],"wp:attachment":[{"href":"https:\/\/www.tierschutz-bremerhaven.eu\/hu\/wp-json\/wp\/v2\/media?parent=10861"}],"wp:term":[{"taxonomy":"category","embeddable":true,"href":"https:\/\/www.tierschutz-bremerhaven.eu\/hu\/wp-json\/wp\/v2\/categories?post=10861"},{"taxonomy":"post_tag","embeddable":true,"href":"https:\/\/www.tierschutz-bremerhaven.eu\/hu\/wp-json\/wp\/v2\/tags?post=10861"}],"curies":[{"name":"wp","href":"https:\/\/api.w.org\/{rel}","templated":true}]}}