{"id":11120,"date":"2024-12-13T10:28:13","date_gmt":"2024-12-13T09:28:13","guid":{"rendered":"https:\/\/www.tierschutz-bremerhaven.eu\/?p=11120"},"modified":"2024-12-13T10:30:12","modified_gmt":"2024-12-13T09:30:12","slug":"koezvetitesi-szuenet","status":"publish","type":"post","link":"https:\/\/www.tierschutz-bremerhaven.eu\/hu\/vermittlungspause","title":{"rendered":"K\u00f6zvet\u00edt\u0151i sz\u00fcnet!"},"content":{"rendered":"<p>Kedves \u00e1llatbar\u00e1tok!<\/p>\n\n\n\n<p>Kar\u00e1csony \u00e9s az \u00e9vfordul\u00f3 k\u00f6rny\u00e9k\u00e9n sz\u00fcnetet tartunk az \u00fajb\u00f3li befogad\u00e1sban. Sajnos az \u00e1llatok gyakran ker\u00fclnek kar\u00e1csonyi aj\u00e1nd\u00e9kk\u00e9nt a kar\u00e1csonyfa al\u00e1. A megaj\u00e1nd\u00e9kozottak \u00e1ltal\u00e1ban nem tudnak a meglepet\u00e9sr\u0151l, \u00e9s ilyenkor megviseli \u0151ket az \u00faj helyzet. Term\u00e9szetesen mi sem szeretn\u00e9nk az \u00fcnnepi id\u0151szak stressz\u00e9nek kitenni \u00e1llatainkat. Az eredm\u00e9ny az, hogy ezek a h\u00e1zi\u00e1llatok v\u00e9g\u00fcl visszaker\u00fclnek hozz\u00e1nk. Ez sajnos nagyon megterhel\u0151 az \u00e1llat sz\u00e1m\u00e1ra. Hogy ezt megel\u0151zz\u00fck, n\u00e9h\u00e1ny napra bez\u00e1rjuk az ajt\u00f3nkat.<\/p>\n\n\n\n<p>K\u00f6sz\u00f6nj\u00fck meg\u00e9rt\u00e9s\u00fcket, \u00e9s \u00f6r\u00f6mmel v\u00e1rjuk \u00d6n\u00f6ket az \u00faj \u00e9vben.<\/p>\n\n\n\n<figure class=\"wp-block-image size-large is-resized\"><img fetchpriority=\"high\" decoding=\"async\" width=\"1024\" height=\"1024\" src=\"https:\/\/www.tierschutz-bremerhaven.eu\/wp-content\/uploads\/2024\/12\/Vermittlungsstopp-1024x1024.jpeg\" alt=\"\" class=\"wp-image-11121\" style=\"width:419px;height:auto\" srcset=\"https:\/\/www.tierschutz-bremerhaven.eu\/wp-content\/uploads\/2024\/12\/Vermittlungsstopp-1024x1024.jpeg 1024w, https:\/\/www.tierschutz-bremerhaven.eu\/wp-content\/uploads\/2024\/12\/Vermittlungsstopp-300x300.jpeg 300w, https:\/\/www.tierschutz-bremerhaven.eu\/wp-content\/uploads\/2024\/12\/Vermittlungsstopp-150x150.jpeg 150w, https:\/\/www.tierschutz-bremerhaven.eu\/wp-content\/uploads\/2024\/12\/Vermittlungsstopp-768x768.jpeg 768w, https:\/\/www.tierschutz-bremerhaven.eu\/wp-content\/uploads\/2024\/12\/Vermittlungsstopp-12x12.jpeg 12w, https:\/\/www.tierschutz-bremerhaven.eu\/wp-content\/uploads\/2024\/12\/Vermittlungsstopp.jpeg 1200w\" sizes=\"(max-width: 1024px) 100vw, 1024px\" \/><\/figure>","protected":false},"excerpt":{"rendered":"<p>Liebe Tierfreunde, wir machen eine Vermittlungspause, rund um die Weihnachtstage und den Jahreswechsel. Leider kommt es immer wieder dazu, dass Tiere als Weihnachtsgeschenk unter dem Tannenbaum landen. Die Beschenkten wissen meist von der \u00dcberraschung nichts und sind dann mit der neuen Situation \u00fcberfordert. Nat\u00fcrlich m\u00f6chten wir unseren Tieren auch den Feiertagsstress nicht zumuten. Die Folge [&hellip;]<\/p>\n","protected":false},"author":4,"featured_media":11121,"comment_status":"closed","ping_status":"","sticky":false,"template":"","format":"standard","meta":{"footnotes":""},"categories":[19],"tags":[],"class_list":["post-11120","post","type-post","status-publish","format-standard","has-post-thumbnail","hentry","category-neuigkeiten"],"_links":{"self":[{"href":"https:\/\/www.tierschutz-bremerhaven.eu\/hu\/wp-json\/wp\/v2\/posts\/11120","targetHints":{"allow":["GET"]}}],"collection":[{"href":"https:\/\/www.tierschutz-bremerhaven.eu\/hu\/wp-json\/wp\/v2\/posts"}],"about":[{"href":"https:\/\/www.tierschutz-bremerhaven.eu\/hu\/wp-json\/wp\/v2\/types\/post"}],"author":[{"embeddable":true,"href":"https:\/\/www.tierschutz-bremerhaven.eu\/hu\/wp-json\/wp\/v2\/users\/4"}],"replies":[{"embeddable":true,"href":"https:\/\/www.tierschutz-bremerhaven.eu\/hu\/wp-json\/wp\/v2\/comments?post=11120"}],"version-history":[{"count":3,"href":"https:\/\/www.tierschutz-bremerhaven.eu\/hu\/wp-json\/wp\/v2\/posts\/11120\/revisions"}],"predecessor-version":[{"id":12814,"href":"https:\/\/www.tierschutz-bremerhaven.eu\/hu\/wp-json\/wp\/v2\/posts\/11120\/revisions\/12814"}],"wp:featuredmedia":[{"embeddable":true,"href":"https:\/\/www.tierschutz-bremerhaven.eu\/hu\/wp-json\/wp\/v2\/media\/11121"}],"wp:attachment":[{"href":"https:\/\/www.tierschutz-bremerhaven.eu\/hu\/wp-json\/wp\/v2\/media?parent=11120"}],"wp:term":[{"taxonomy":"category","embeddable":true,"href":"https:\/\/www.tierschutz-bremerhaven.eu\/hu\/wp-json\/wp\/v2\/categories?post=11120"},{"taxonomy":"post_tag","embeddable":true,"href":"https:\/\/www.tierschutz-bremerhaven.eu\/hu\/wp-json\/wp\/v2\/tags?post=11120"}],"curies":[{"name":"wp","href":"https:\/\/api.w.org\/{rel}","templated":true}]}}