{"id":6788,"date":"2022-05-03T09:50:50","date_gmt":"2022-05-03T09:50:50","guid":{"rendered":"https:\/\/www.tierschutz-bremerhaven.eu\/?p=6788"},"modified":"2024-01-08T08:49:57","modified_gmt":"2024-01-08T08:49:57","slug":"joevore-2022","status":"publish","type":"post","link":"https:\/\/www.tierschutz-bremerhaven.eu\/hu\/zukunftstag-2022","title":{"rendered":"J\u00f6v\u0151 napja 2022"},"content":{"rendered":"<p>\u00c1llatotthonunk \u00e9vente egyszer megnyitja kapuit azon l\u00e1nyok \u00e9s fi\u00fak el\u0151tt, akik szeretn\u00e9nek t\u00f6bbet megtudni az \u00e1llatgondoz\u00f3i szakm\u00e1r\u00f3l.<\/p>\n\n\n\n<p>\u00c1prilis 28-\u00e1n nyolc l\u00e1ny l\u00e1togatott el hozz\u00e1nk, akik egy napot t\u00f6lthettek a kulissz\u00e1k m\u00f6g\u00e9 tekintve, \u00e9s \u00edzel\u00edt\u0151t kaptak a napi munkafolyamatokb\u00f3l.<\/p>\n\n\n\n<figure class=\"wp-block-image size-large\"><img fetchpriority=\"high\" decoding=\"async\" width=\"1024\" height=\"576\" src=\"https:\/\/www.tierschutz-bremerhaven.eu\/wp-content\/uploads\/2022\/04\/Zukunftstag-1024x576.jpg\" alt=\"\" class=\"wp-image-6765\" srcset=\"https:\/\/www.tierschutz-bremerhaven.eu\/wp-content\/uploads\/2022\/04\/Zukunftstag-1024x576.jpg 1024w, https:\/\/www.tierschutz-bremerhaven.eu\/wp-content\/uploads\/2022\/04\/Zukunftstag-300x169.jpg 300w, https:\/\/www.tierschutz-bremerhaven.eu\/wp-content\/uploads\/2022\/04\/Zukunftstag-768x432.jpg 768w, https:\/\/www.tierschutz-bremerhaven.eu\/wp-content\/uploads\/2022\/04\/Zukunftstag.jpg 1311w\" sizes=\"(max-width: 1024px) 100vw, 1024px\" \/><\/figure>\n\n\n\n<p>Az \u00e1llatgondoz\u00f3kkal egy\u00fctt kitakar\u00edtott\u00e1k a macskaszob\u00e1kat \u00e9s a kutyafuttat\u00f3kat, megetett\u00e9k a r\u00e1gcs\u00e1l\u00f3inkat, megpucolt\u00e1k a menhely n\u00e9h\u00e1ny lak\u00f3j\u00e1nak sz\u0151r\u00e9t, \u00e9s megismerhett\u00e9k a menhelyen elv\u00e9gzend\u0151 k\u00fcl\u00f6nb\u00f6z\u0151 munk\u00e1kat.<\/p>\n\n\n\n<p>Ezt k\u00f6vet\u0151en a tanul\u00f3k (Ela \u00e1llatgondoz\u00f3val) k\u00f6rbej\u00e1rhatt\u00e1k az \u00e1llatmenhely valamennyi ter\u00fclet\u00e9t.<\/p>\n\n\n\n<p>De a nap legjobb r\u00e9sze egy\u00e9rtelm\u0171en a j\u00e1t\u00e9k \u00e9s az \u00f6sszeb\u00faj\u00e1s volt a macsk\u00e1inkkal \u00e9s Rufus kuty\u00e1nkkal.........<\/p>\n\n\n\n<figure class=\"wp-block-image size-large is-resized\"><img decoding=\"async\" src=\"https:\/\/www.tierschutz-bremerhaven.eu\/wp-content\/uploads\/2022\/04\/image0-1-731x1024.jpeg\" alt=\"\" class=\"wp-image-6767\" width=\"548\" height=\"768\" srcset=\"https:\/\/www.tierschutz-bremerhaven.eu\/wp-content\/uploads\/2022\/04\/image0-1-731x1024.jpeg 731w, https:\/\/www.tierschutz-bremerhaven.eu\/wp-content\/uploads\/2022\/04\/image0-1-214x300.jpeg 214w, https:\/\/www.tierschutz-bremerhaven.eu\/wp-content\/uploads\/2022\/04\/image0-1-768x1076.jpeg 768w, https:\/\/www.tierschutz-bremerhaven.eu\/wp-content\/uploads\/2022\/04\/image0-1.jpeg 919w\" sizes=\"(max-width: 548px) 100vw, 548px\" \/><\/figure>","protected":false},"excerpt":{"rendered":"<p>Unser Tierheim \u00f6ffnet einmal im Jahr die T\u00fcren f\u00fcr M\u00e4dchen und Jungs, die sich \u00fcber den Beruf des Tierpflegers informieren m\u00f6chten. Am 28. April haben uns acht M\u00e4dchen besucht, konnten einen Tag lang hinter die Kulissen schauen und in die t\u00e4glich Arbeitsabl\u00e4ufe hineinschnuppern. Gemeinsam mit TierpflegerInnen reinigten sie Katzenr\u00e4ume und Hundezwinger, f\u00fctterten unsere Nager, k\u00fcmmerten [&hellip;]<\/p>\n","protected":false},"author":3,"featured_media":0,"comment_status":"closed","ping_status":"closed","sticky":false,"template":"","format":"standard","meta":{"footnotes":""},"categories":[19],"tags":[],"class_list":["post-6788","post","type-post","status-publish","format-standard","hentry","category-neuigkeiten"],"_links":{"self":[{"href":"https:\/\/www.tierschutz-bremerhaven.eu\/hu\/wp-json\/wp\/v2\/posts\/6788","targetHints":{"allow":["GET"]}}],"collection":[{"href":"https:\/\/www.tierschutz-bremerhaven.eu\/hu\/wp-json\/wp\/v2\/posts"}],"about":[{"href":"https:\/\/www.tierschutz-bremerhaven.eu\/hu\/wp-json\/wp\/v2\/types\/post"}],"author":[{"embeddable":true,"href":"https:\/\/www.tierschutz-bremerhaven.eu\/hu\/wp-json\/wp\/v2\/users\/3"}],"replies":[{"embeddable":true,"href":"https:\/\/www.tierschutz-bremerhaven.eu\/hu\/wp-json\/wp\/v2\/comments?post=6788"}],"version-history":[{"count":2,"href":"https:\/\/www.tierschutz-bremerhaven.eu\/hu\/wp-json\/wp\/v2\/posts\/6788\/revisions"}],"predecessor-version":[{"id":6794,"href":"https:\/\/www.tierschutz-bremerhaven.eu\/hu\/wp-json\/wp\/v2\/posts\/6788\/revisions\/6794"}],"wp:attachment":[{"href":"https:\/\/www.tierschutz-bremerhaven.eu\/hu\/wp-json\/wp\/v2\/media?parent=6788"}],"wp:term":[{"taxonomy":"category","embeddable":true,"href":"https:\/\/www.tierschutz-bremerhaven.eu\/hu\/wp-json\/wp\/v2\/categories?post=6788"},{"taxonomy":"post_tag","embeddable":true,"href":"https:\/\/www.tierschutz-bremerhaven.eu\/hu\/wp-json\/wp\/v2\/tags?post=6788"}],"curies":[{"name":"wp","href":"https:\/\/api.w.org\/{rel}","templated":true}]}}