{"id":9887,"date":"2024-03-05T15:21:34","date_gmt":"2024-03-05T14:21:34","guid":{"rendered":"https:\/\/www.tierschutz-bremerhaven.eu\/?p=9887"},"modified":"2024-03-05T15:21:34","modified_gmt":"2024-03-05T14:21:34","slug":"joevo-napja-2024","status":"publish","type":"post","link":"https:\/\/www.tierschutz-bremerhaven.eu\/hu\/zukunftstag-2024","title":{"rendered":"J\u00f6v\u0151 napja 2024"},"content":{"rendered":"<p>A 2024-es J\u00f6v\u0151 Napj\u00e1ra m\u00e1r minden hely foglalt.<\/p>\n\n\n\n<p>Sok di\u00e1k szeretn\u00e9 a J\u00f6v\u0151 Napj\u00e1t az \u00e1llatmenhelyen t\u00f6lteni. Ez\u00e9rt nagyon fontos, hogy id\u0151ben jelentkezzenek n\u00e1lunk, mert a helyek sz\u00e1ma korl\u00e1tozott.<\/p>\n\n\n\n<p><\/p>","protected":false},"excerpt":{"rendered":"<p>A 2024-es J\u00f6v\u0151 Napj\u00e1ra m\u00e1r minden hely foglalt. Sok di\u00e1k az \u00e1llatmenhelyen szeretn\u00e9 t\u00f6lteni a J\u00f6v\u0151 Napj\u00e1t. Ez\u00e9rt nagyon fontos, hogy id\u0151ben jelentkezzenek n\u00e1lunk, mert a helyek sz\u00e1ma korl\u00e1tozott.<\/p>","protected":false},"author":4,"featured_media":0,"comment_status":"closed","ping_status":"","sticky":false,"template":"","format":"standard","meta":{"footnotes":""},"categories":[19],"tags":[],"class_list":["post-9887","post","type-post","status-publish","format-standard","hentry","category-neuigkeiten"],"_links":{"self":[{"href":"https:\/\/www.tierschutz-bremerhaven.eu\/hu\/wp-json\/wp\/v2\/posts\/9887","targetHints":{"allow":["GET"]}}],"collection":[{"href":"https:\/\/www.tierschutz-bremerhaven.eu\/hu\/wp-json\/wp\/v2\/posts"}],"about":[{"href":"https:\/\/www.tierschutz-bremerhaven.eu\/hu\/wp-json\/wp\/v2\/types\/post"}],"author":[{"embeddable":true,"href":"https:\/\/www.tierschutz-bremerhaven.eu\/hu\/wp-json\/wp\/v2\/users\/4"}],"replies":[{"embeddable":true,"href":"https:\/\/www.tierschutz-bremerhaven.eu\/hu\/wp-json\/wp\/v2\/comments?post=9887"}],"version-history":[{"count":1,"href":"https:\/\/www.tierschutz-bremerhaven.eu\/hu\/wp-json\/wp\/v2\/posts\/9887\/revisions"}],"predecessor-version":[{"id":9888,"href":"https:\/\/www.tierschutz-bremerhaven.eu\/hu\/wp-json\/wp\/v2\/posts\/9887\/revisions\/9888"}],"wp:attachment":[{"href":"https:\/\/www.tierschutz-bremerhaven.eu\/hu\/wp-json\/wp\/v2\/media?parent=9887"}],"wp:term":[{"taxonomy":"category","embeddable":true,"href":"https:\/\/www.tierschutz-bremerhaven.eu\/hu\/wp-json\/wp\/v2\/categories?post=9887"},{"taxonomy":"post_tag","embeddable":true,"href":"https:\/\/www.tierschutz-bremerhaven.eu\/hu\/wp-json\/wp\/v2\/tags?post=9887"}],"curies":[{"name":"wp","href":"https:\/\/api.w.org\/{rel}","templated":true}]}}