{"id":12654,"date":"2025-11-04T15:54:06","date_gmt":"2025-11-04T14:54:06","guid":{"rendered":"https:\/\/www.tierschutz-bremerhaven.eu\/?p=12654"},"modified":"2025-11-04T15:54:06","modified_gmt":"2025-11-04T14:54:06","slug":"%e2%9a%a0%ef%b8%8f-uwaga-zmienione-godziny-w-niedziele","status":"publish","type":"post","link":"https:\/\/www.tierschutz-bremerhaven.eu\/pl\/%e2%9a%a0%ef%b8%8f-achtung-geaenderte-zeiten-am-sonntag","title":{"rendered":"\u26a0\ufe0f Uwaga - zmiana godzin w niedziel\u0119!"},"content":{"rendered":"<p><br><br>Drodzy mi\u0142o\u015bnicy zwierz\u0105t,<br>Nale\u017cy pami\u0119ta\u0107, \u017ce godziny spacer\u00f3w i odwiedzin w niedziel\u0119 uleg\u0142y zmianie:<br><br>Niedziela:<br>\u00a0 \u00a0- Godziny spacer\u00f3w: 10:00 - 14:00<br>\u00a0 \u00a0- Godziny odwiedzin: 15:00 - 17:00<br><br>We wszystkie pozosta\u0142e dni otwarte poprzednie godziny pozostaj\u0105 bez zmian.<br>Dzi\u0119kujemy za zrozumienie i wsparcie - nasze futrzane nosy nie mog\u0105 si\u0119 doczeka\u0107 Twojej wizyty! \ud83d\udc36\ud83d\udc9b<\/p>","protected":false},"excerpt":{"rendered":"<p>Drodzy mi\u0142o\u015bnicy zwierz\u0105t, informujemy, \u017ce godziny spacer\u00f3w i odwiedzin w niedziel\u0119 uleg\u0142y zmianie: \ud83d\udc3e Niedziela:   - Godziny spacer\u00f3w: 10:00 - 14:00 - Godziny odwiedzin: 15:00 - 17:00 We wszystkie inne dni otwarte poprzednie godziny pozostaj\u0105 bez zmian.Bardzo dzi\u0119kujemy za zrozumienie i wsparcie - nasze futrzane noski nie mog\u0105 si\u0119 doczeka\u0107 Waszych odwiedzin! \ud83d\udc36\ud83d\udc9b<\/p>","protected":false},"author":4,"featured_media":0,"comment_status":"closed","ping_status":"","sticky":false,"template":"","format":"standard","meta":{"footnotes":""},"categories":[19],"tags":[],"class_list":["post-12654","post","type-post","status-publish","format-standard","hentry","category-neuigkeiten"],"_links":{"self":[{"href":"https:\/\/www.tierschutz-bremerhaven.eu\/pl\/wp-json\/wp\/v2\/posts\/12654","targetHints":{"allow":["GET"]}}],"collection":[{"href":"https:\/\/www.tierschutz-bremerhaven.eu\/pl\/wp-json\/wp\/v2\/posts"}],"about":[{"href":"https:\/\/www.tierschutz-bremerhaven.eu\/pl\/wp-json\/wp\/v2\/types\/post"}],"author":[{"embeddable":true,"href":"https:\/\/www.tierschutz-bremerhaven.eu\/pl\/wp-json\/wp\/v2\/users\/4"}],"replies":[{"embeddable":true,"href":"https:\/\/www.tierschutz-bremerhaven.eu\/pl\/wp-json\/wp\/v2\/comments?post=12654"}],"version-history":[{"count":1,"href":"https:\/\/www.tierschutz-bremerhaven.eu\/pl\/wp-json\/wp\/v2\/posts\/12654\/revisions"}],"predecessor-version":[{"id":12655,"href":"https:\/\/www.tierschutz-bremerhaven.eu\/pl\/wp-json\/wp\/v2\/posts\/12654\/revisions\/12655"}],"wp:attachment":[{"href":"https:\/\/www.tierschutz-bremerhaven.eu\/pl\/wp-json\/wp\/v2\/media?parent=12654"}],"wp:term":[{"taxonomy":"category","embeddable":true,"href":"https:\/\/www.tierschutz-bremerhaven.eu\/pl\/wp-json\/wp\/v2\/categories?post=12654"},{"taxonomy":"post_tag","embeddable":true,"href":"https:\/\/www.tierschutz-bremerhaven.eu\/pl\/wp-json\/wp\/v2\/tags?post=12654"}],"curies":[{"name":"wp","href":"https:\/\/api.w.org\/{rel}","templated":true}]}}