{"id":13082,"date":"2026-02-11T14:12:34","date_gmt":"2026-02-11T13:12:34","guid":{"rendered":"https:\/\/www.tierschutz-bremerhaven.eu\/?p=13082"},"modified":"2026-02-11T14:12:34","modified_gmt":"2026-02-11T13:12:34","slug":"dzien-przyszly-2026","status":"publish","type":"post","link":"https:\/\/www.tierschutz-bremerhaven.eu\/pl\/zukunftstag-2026","title":{"rendered":"Dzie\u0144 Przysz\u0142o\u015bci 2026"},"content":{"rendered":"<p><strong><mark style=\"background-color:rgba(0, 0, 0, 0)\" class=\"has-inline-color has-vivid-red-color\">Uwaga, wszystkie miejsca na rok 2026 s\u0105 zaj\u0119te. Prosimy o ponown\u0105 rejestracj\u0119 na rok 2027!<\/mark><\/strong><\/p>\n\n\n\n<p>Wielu uczni\u00f3w chcia\u0142oby sp\u0119dzi\u0107 Dzie\u0144 Przysz\u0142o\u015bci w schronisku dla zwierz\u0105t. Dlatego bardzo wa\u017cne jest, aby zarejestrowa\u0107 si\u0119 u nas w odpowiednim czasie, poniewa\u017c liczba miejsc jest ograniczona.<\/p>\n\n\n\n<p><\/p>","protected":false},"excerpt":{"rendered":"<p>Uwaga, wszystkie miejsca na rok 2026 s\u0105 zaj\u0119te. Prosimy o ponown\u0105 rejestracj\u0119 na rok 2027! Wielu uczni\u00f3w chcia\u0142oby sp\u0119dzi\u0107 Dzie\u0144 Przysz\u0142o\u015bci w schronisku dla zwierz\u0105t. Dlatego bardzo wa\u017cne jest, aby zarejestrowa\u0107 si\u0119 u nas w odpowiednim czasie, poniewa\u017c liczba miejsc jest ograniczona.<\/p>","protected":false},"author":4,"featured_media":0,"comment_status":"closed","ping_status":"","sticky":false,"template":"","format":"standard","meta":{"footnotes":""},"categories":[19],"tags":[],"class_list":["post-13082","post","type-post","status-publish","format-standard","hentry","category-neuigkeiten"],"_links":{"self":[{"href":"https:\/\/www.tierschutz-bremerhaven.eu\/pl\/wp-json\/wp\/v2\/posts\/13082","targetHints":{"allow":["GET"]}}],"collection":[{"href":"https:\/\/www.tierschutz-bremerhaven.eu\/pl\/wp-json\/wp\/v2\/posts"}],"about":[{"href":"https:\/\/www.tierschutz-bremerhaven.eu\/pl\/wp-json\/wp\/v2\/types\/post"}],"author":[{"embeddable":true,"href":"https:\/\/www.tierschutz-bremerhaven.eu\/pl\/wp-json\/wp\/v2\/users\/4"}],"replies":[{"embeddable":true,"href":"https:\/\/www.tierschutz-bremerhaven.eu\/pl\/wp-json\/wp\/v2\/comments?post=13082"}],"version-history":[{"count":2,"href":"https:\/\/www.tierschutz-bremerhaven.eu\/pl\/wp-json\/wp\/v2\/posts\/13082\/revisions"}],"predecessor-version":[{"id":13084,"href":"https:\/\/www.tierschutz-bremerhaven.eu\/pl\/wp-json\/wp\/v2\/posts\/13082\/revisions\/13084"}],"wp:attachment":[{"href":"https:\/\/www.tierschutz-bremerhaven.eu\/pl\/wp-json\/wp\/v2\/media?parent=13082"}],"wp:term":[{"taxonomy":"category","embeddable":true,"href":"https:\/\/www.tierschutz-bremerhaven.eu\/pl\/wp-json\/wp\/v2\/categories?post=13082"},{"taxonomy":"post_tag","embeddable":true,"href":"https:\/\/www.tierschutz-bremerhaven.eu\/pl\/wp-json\/wp\/v2\/tags?post=13082"}],"curies":[{"name":"wp","href":"https:\/\/api.w.org\/{rel}","templated":true}]}}