{"id":9903,"date":"2024-03-11T15:16:34","date_gmt":"2024-03-11T14:16:34","guid":{"rendered":"https:\/\/www.tierschutz-bremerhaven.eu\/?p=9903"},"modified":"2024-03-11T15:16:34","modified_gmt":"2024-03-11T14:16:34","slug":"spacery-z-kotami-glaskanie-kotow-i-odwiedzajacy-odwolani","status":"publish","type":"post","link":"https:\/\/www.tierschutz-bremerhaven.eu\/pl\/gassigehen-katzenstreicheln-und-besucherverkehr-faellt-aus","title":{"rendered":"Spacery, g\u0142askanie kot\u00f3w i odwiedziny s\u0105 odwo\u0142ane!"},"content":{"rendered":"<p>Drodzy mi\u0142o\u015bnicy zwierz\u0105t, niestety spacery, g\u0142askanie kot\u00f3w i ruch odwiedzaj\u0105cych musz\u0105 zosta\u0107 odwo\u0142ane do 17 marca 2024 r. Dzi\u0119kujemy za zrozumienie<img decoding=\"async\" height=\"16\" width=\"16\" src=\"https:\/\/static.xx.fbcdn.net\/images\/emoji.php\/v9\/tf0\/1\/16\/1f338.png\" alt=\"\ud83c\udf38\"><\/p>","protected":false},"excerpt":{"rendered":"<p>Drodzy mi\u0142o\u015bnicy zwierz\u0105t, niestety spacery, g\u0142askanie kot\u00f3w i ruch odwiedzaj\u0105cych musz\u0105 zosta\u0107 odwo\u0142ane do 17 marca 2024 r. Dzi\u0119kujemy za zrozumienie<\/p>","protected":false},"author":4,"featured_media":0,"comment_status":"closed","ping_status":"","sticky":false,"template":"","format":"standard","meta":{"footnotes":""},"categories":[19],"tags":[],"class_list":["post-9903","post","type-post","status-publish","format-standard","hentry","category-neuigkeiten"],"_links":{"self":[{"href":"https:\/\/www.tierschutz-bremerhaven.eu\/pl\/wp-json\/wp\/v2\/posts\/9903","targetHints":{"allow":["GET"]}}],"collection":[{"href":"https:\/\/www.tierschutz-bremerhaven.eu\/pl\/wp-json\/wp\/v2\/posts"}],"about":[{"href":"https:\/\/www.tierschutz-bremerhaven.eu\/pl\/wp-json\/wp\/v2\/types\/post"}],"author":[{"embeddable":true,"href":"https:\/\/www.tierschutz-bremerhaven.eu\/pl\/wp-json\/wp\/v2\/users\/4"}],"replies":[{"embeddable":true,"href":"https:\/\/www.tierschutz-bremerhaven.eu\/pl\/wp-json\/wp\/v2\/comments?post=9903"}],"version-history":[{"count":1,"href":"https:\/\/www.tierschutz-bremerhaven.eu\/pl\/wp-json\/wp\/v2\/posts\/9903\/revisions"}],"predecessor-version":[{"id":9904,"href":"https:\/\/www.tierschutz-bremerhaven.eu\/pl\/wp-json\/wp\/v2\/posts\/9903\/revisions\/9904"}],"wp:attachment":[{"href":"https:\/\/www.tierschutz-bremerhaven.eu\/pl\/wp-json\/wp\/v2\/media?parent=9903"}],"wp:term":[{"taxonomy":"category","embeddable":true,"href":"https:\/\/www.tierschutz-bremerhaven.eu\/pl\/wp-json\/wp\/v2\/categories?post=9903"},{"taxonomy":"post_tag","embeddable":true,"href":"https:\/\/www.tierschutz-bremerhaven.eu\/pl\/wp-json\/wp\/v2\/tags?post=9903"}],"curies":[{"name":"wp","href":"https:\/\/api.w.org\/{rel}","templated":true}]}}