{"id":13082,"date":"2026-02-11T14:12:34","date_gmt":"2026-02-11T13:12:34","guid":{"rendered":"https:\/\/www.tierschutz-bremerhaven.eu\/?p=13082"},"modified":"2026-02-11T14:12:34","modified_gmt":"2026-02-11T13:12:34","slug":"ziua-viitoare-2026","status":"publish","type":"post","link":"https:\/\/www.tierschutz-bremerhaven.eu\/ro\/zukunftstag-2026","title":{"rendered":"Ziua viitorului 2026"},"content":{"rendered":"<p><strong><mark style=\"background-color:rgba(0, 0, 0, 0)\" class=\"has-inline-color has-vivid-red-color\">Aten\u021bie, toate locurile pentru 2026 sunt ocupate. V\u0103 rug\u0103m s\u0103 v\u0103 \u00eenscrie\u021bi din nou pentru 2027!<\/mark><\/strong><\/p>\n\n\n\n<p>Mul\u021bi elevi ar dori s\u0103 \u00ee\u0219i petreac\u0103 Ziua Viitorului la ad\u0103postul de animale. Prin urmare, este foarte important s\u0103 v\u0103 \u00eenscrie\u021bi din timp, deoarece locurile sunt limitate.<\/p>\n\n\n\n<p><\/p>","protected":false},"excerpt":{"rendered":"<p>Aten\u021bie, toate locurile pentru 2026 sunt ocupate. V\u0103 rug\u0103m s\u0103 v\u0103 \u00eenscrie\u021bi din nou pentru 2027! Mul\u021bi elevi ar dori s\u0103 \u00ee\u0219i petreac\u0103 Ziua Viitorului la ad\u0103postul de animale. Prin urmare, este foarte important s\u0103 v\u0103 \u00eenscrie\u021bi \u00een timp util, deoarece locurile sunt limitate.<\/p>","protected":false},"author":4,"featured_media":0,"comment_status":"closed","ping_status":"","sticky":false,"template":"","format":"standard","meta":{"footnotes":""},"categories":[19],"tags":[],"class_list":["post-13082","post","type-post","status-publish","format-standard","hentry","category-neuigkeiten"],"_links":{"self":[{"href":"https:\/\/www.tierschutz-bremerhaven.eu\/ro\/wp-json\/wp\/v2\/posts\/13082","targetHints":{"allow":["GET"]}}],"collection":[{"href":"https:\/\/www.tierschutz-bremerhaven.eu\/ro\/wp-json\/wp\/v2\/posts"}],"about":[{"href":"https:\/\/www.tierschutz-bremerhaven.eu\/ro\/wp-json\/wp\/v2\/types\/post"}],"author":[{"embeddable":true,"href":"https:\/\/www.tierschutz-bremerhaven.eu\/ro\/wp-json\/wp\/v2\/users\/4"}],"replies":[{"embeddable":true,"href":"https:\/\/www.tierschutz-bremerhaven.eu\/ro\/wp-json\/wp\/v2\/comments?post=13082"}],"version-history":[{"count":2,"href":"https:\/\/www.tierschutz-bremerhaven.eu\/ro\/wp-json\/wp\/v2\/posts\/13082\/revisions"}],"predecessor-version":[{"id":13084,"href":"https:\/\/www.tierschutz-bremerhaven.eu\/ro\/wp-json\/wp\/v2\/posts\/13082\/revisions\/13084"}],"wp:attachment":[{"href":"https:\/\/www.tierschutz-bremerhaven.eu\/ro\/wp-json\/wp\/v2\/media?parent=13082"}],"wp:term":[{"taxonomy":"category","embeddable":true,"href":"https:\/\/www.tierschutz-bremerhaven.eu\/ro\/wp-json\/wp\/v2\/categories?post=13082"},{"taxonomy":"post_tag","embeddable":true,"href":"https:\/\/www.tierschutz-bremerhaven.eu\/ro\/wp-json\/wp\/v2\/tags?post=13082"}],"curies":[{"name":"wp","href":"https:\/\/api.w.org\/{rel}","templated":true}]}}