{"id":6788,"date":"2022-05-03T09:50:50","date_gmt":"2022-05-03T09:50:50","guid":{"rendered":"https:\/\/www.tierschutz-bremerhaven.eu\/?p=6788"},"modified":"2024-01-08T08:49:57","modified_gmt":"2024-01-08T08:49:57","slug":"ziua-viitoare-2022","status":"publish","type":"post","link":"https:\/\/www.tierschutz-bremerhaven.eu\/ro\/zukunftstag-2022","title":{"rendered":"Ziua viitoare 2022"},"content":{"rendered":"<p>O dat\u0103 pe an, ad\u0103postul nostru de animale \u00ee\u0219i deschide por\u021bile pentru fetele \u0219i b\u0103ie\u021bii care doresc s\u0103 afle mai multe despre profesia de \u00eengrijitor de animale.<\/p>\n\n\n\n<p>Pe 28 aprilie, opt fete ne-au vizitat \u0219i au putut petrece o zi uit\u00e2ndu-se \u00een culise \u0219i av\u00e2nd o idee despre procesele de lucru zilnice.<\/p>\n\n\n\n<figure class=\"wp-block-image size-large\"><img fetchpriority=\"high\" decoding=\"async\" width=\"1024\" height=\"576\" src=\"https:\/\/www.tierschutz-bremerhaven.eu\/wp-content\/uploads\/2022\/04\/Zukunftstag-1024x576.jpg\" alt=\"\" class=\"wp-image-6765\" srcset=\"https:\/\/www.tierschutz-bremerhaven.eu\/wp-content\/uploads\/2022\/04\/Zukunftstag-1024x576.jpg 1024w, https:\/\/www.tierschutz-bremerhaven.eu\/wp-content\/uploads\/2022\/04\/Zukunftstag-300x169.jpg 300w, https:\/\/www.tierschutz-bremerhaven.eu\/wp-content\/uploads\/2022\/04\/Zukunftstag-768x432.jpg 768w, https:\/\/www.tierschutz-bremerhaven.eu\/wp-content\/uploads\/2022\/04\/Zukunftstag.jpg 1311w\" sizes=\"(max-width: 1024px) 100vw, 1024px\" \/><\/figure>\n\n\n\n<p>\u00cempreun\u0103 cu \u00eengrijitorii de animale, ei au cur\u0103\u021bat camerele pisicilor \u0219i cu\u0219tile c\u00e2inilor, au hr\u0103nit roz\u0103toarele noastre, au \u00eengrijit blana unora dintre reziden\u021bii ad\u0103postului \u0219i au putut vedea diferitele tipuri de munc\u0103 care trebuie efectuate la ad\u0103post.<\/p>\n\n\n\n<p>Ulterior, elevii au avut ocazia s\u0103 fac\u0103 un tur (cu Ela, \u00eengrijitoarea animalelor) al tuturor zonelor sanctuarului de animale.<\/p>\n\n\n\n<p>Dar cea mai bun\u0103 parte a zilei a fost cu siguran\u021b\u0103 joaca \u0219i \u00eembr\u0103\u021bi\u0219area cu pisicile \u0219i c\u00e2inele nostru Rufus.........<\/p>\n\n\n\n<figure class=\"wp-block-image size-large is-resized\"><img decoding=\"async\" src=\"https:\/\/www.tierschutz-bremerhaven.eu\/wp-content\/uploads\/2022\/04\/image0-1-731x1024.jpeg\" alt=\"\" class=\"wp-image-6767\" width=\"548\" height=\"768\" srcset=\"https:\/\/www.tierschutz-bremerhaven.eu\/wp-content\/uploads\/2022\/04\/image0-1-731x1024.jpeg 731w, https:\/\/www.tierschutz-bremerhaven.eu\/wp-content\/uploads\/2022\/04\/image0-1-214x300.jpeg 214w, https:\/\/www.tierschutz-bremerhaven.eu\/wp-content\/uploads\/2022\/04\/image0-1-768x1076.jpeg 768w, https:\/\/www.tierschutz-bremerhaven.eu\/wp-content\/uploads\/2022\/04\/image0-1.jpeg 919w\" sizes=\"(max-width: 548px) 100vw, 548px\" \/><\/figure>","protected":false},"excerpt":{"rendered":"<p>Unser Tierheim \u00f6ffnet einmal im Jahr die T\u00fcren f\u00fcr M\u00e4dchen und Jungs, die sich \u00fcber den Beruf des Tierpflegers informieren m\u00f6chten. Am 28. April haben uns acht M\u00e4dchen besucht, konnten einen Tag lang hinter die Kulissen schauen und in die t\u00e4glich Arbeitsabl\u00e4ufe hineinschnuppern. Gemeinsam mit TierpflegerInnen reinigten sie Katzenr\u00e4ume und Hundezwinger, f\u00fctterten unsere Nager, k\u00fcmmerten [&hellip;]<\/p>\n","protected":false},"author":3,"featured_media":0,"comment_status":"closed","ping_status":"closed","sticky":false,"template":"","format":"standard","meta":{"footnotes":""},"categories":[19],"tags":[],"class_list":["post-6788","post","type-post","status-publish","format-standard","hentry","category-neuigkeiten"],"_links":{"self":[{"href":"https:\/\/www.tierschutz-bremerhaven.eu\/ro\/wp-json\/wp\/v2\/posts\/6788","targetHints":{"allow":["GET"]}}],"collection":[{"href":"https:\/\/www.tierschutz-bremerhaven.eu\/ro\/wp-json\/wp\/v2\/posts"}],"about":[{"href":"https:\/\/www.tierschutz-bremerhaven.eu\/ro\/wp-json\/wp\/v2\/types\/post"}],"author":[{"embeddable":true,"href":"https:\/\/www.tierschutz-bremerhaven.eu\/ro\/wp-json\/wp\/v2\/users\/3"}],"replies":[{"embeddable":true,"href":"https:\/\/www.tierschutz-bremerhaven.eu\/ro\/wp-json\/wp\/v2\/comments?post=6788"}],"version-history":[{"count":2,"href":"https:\/\/www.tierschutz-bremerhaven.eu\/ro\/wp-json\/wp\/v2\/posts\/6788\/revisions"}],"predecessor-version":[{"id":6794,"href":"https:\/\/www.tierschutz-bremerhaven.eu\/ro\/wp-json\/wp\/v2\/posts\/6788\/revisions\/6794"}],"wp:attachment":[{"href":"https:\/\/www.tierschutz-bremerhaven.eu\/ro\/wp-json\/wp\/v2\/media?parent=6788"}],"wp:term":[{"taxonomy":"category","embeddable":true,"href":"https:\/\/www.tierschutz-bremerhaven.eu\/ro\/wp-json\/wp\/v2\/categories?post=6788"},{"taxonomy":"post_tag","embeddable":true,"href":"https:\/\/www.tierschutz-bremerhaven.eu\/ro\/wp-json\/wp\/v2\/tags?post=6788"}],"curies":[{"name":"wp","href":"https:\/\/api.w.org\/{rel}","templated":true}]}}