{"id":12654,"date":"2025-11-04T15:54:06","date_gmt":"2025-11-04T14:54:06","guid":{"rendered":"https:\/\/www.tierschutz-bremerhaven.eu\/?p=12654"},"modified":"2025-11-04T15:54:06","modified_gmt":"2025-11-04T14:54:06","slug":"%e2%9a%a0%ef%b8%8f-di%cc%87kkat-pazar-guenue-saatler-degi%cc%87sti%cc%87","status":"publish","type":"post","link":"https:\/\/www.tierschutz-bremerhaven.eu\/tr\/%e2%9a%a0%ef%b8%8f-achtung-geaenderte-zeiten-am-sonntag","title":{"rendered":"\u26a0\ufe0f Dikkat - Pazar g\u00fcn\u00fc saatler de\u011fi\u015fti!"},"content":{"rendered":"<p><br><br>Sevgili hayvan severler,<br>Pazar g\u00fcn\u00fc y\u00fcr\u00fcy\u00fc\u015f ve ziyaret saatlerimizin de\u011fi\u015fti\u011fini l\u00fctfen unutmay\u0131n:<br><br>\ud83d\udc3e Pazar:<br>\u00a0 \u00a0- Y\u00fcr\u00fcy\u00fc\u015f saatleri: 10:00 - 14:00<br>\u00a0 \u00a0- Ziyaret saatleri: 15:00 - 17:00<br><br>Di\u011fer t\u00fcm a\u00e7\u0131k g\u00fcnlerde \u00f6nceki saatler de\u011fi\u015fmeyecektir.<br>Anlay\u0131\u015f\u0131n\u0131z ve deste\u011finiz i\u00e7in te\u015fekk\u00fcr ederiz - t\u00fcyl\u00fc burunlar\u0131m\u0131z ziyaretinizi d\u00f6rt g\u00f6zle bekliyor! \ud83d\udc36\ud83d\udc9b<\/p>","protected":false},"excerpt":{"rendered":"<p>Sevgili hayvanseverler, Pazar g\u00fcn\u00fc y\u00fcr\u00fcy\u00fc\u015f ve ziyaret saatlerimizin de\u011fi\u015fti\u011fini l\u00fctfen unutmay\u0131n: \ud83d\udc3e Pazar:   - Y\u00fcr\u00fcy\u00fc\u015f saatleri: 10:00 - 14:00 - Ziyaret saatleri: 15:00 - 17:00 Di\u011fer t\u00fcm a\u00e7\u0131k g\u00fcnlerde, \u00f6nceki saatler ayn\u0131 kal\u0131r Anlay\u0131\u015f\u0131n\u0131z ve deste\u011finiz i\u00e7in \u00e7ok te\u015fekk\u00fcr ederiz - t\u00fcyl\u00fc burunlar\u0131m\u0131z ziyaretinizi d\u00f6rt g\u00f6zle bekliyor! \ud83d\udc36\ud83d\udc9b<\/p>","protected":false},"author":4,"featured_media":0,"comment_status":"closed","ping_status":"","sticky":false,"template":"","format":"standard","meta":{"footnotes":""},"categories":[19],"tags":[],"class_list":["post-12654","post","type-post","status-publish","format-standard","hentry","category-neuigkeiten"],"_links":{"self":[{"href":"https:\/\/www.tierschutz-bremerhaven.eu\/tr\/wp-json\/wp\/v2\/posts\/12654","targetHints":{"allow":["GET"]}}],"collection":[{"href":"https:\/\/www.tierschutz-bremerhaven.eu\/tr\/wp-json\/wp\/v2\/posts"}],"about":[{"href":"https:\/\/www.tierschutz-bremerhaven.eu\/tr\/wp-json\/wp\/v2\/types\/post"}],"author":[{"embeddable":true,"href":"https:\/\/www.tierschutz-bremerhaven.eu\/tr\/wp-json\/wp\/v2\/users\/4"}],"replies":[{"embeddable":true,"href":"https:\/\/www.tierschutz-bremerhaven.eu\/tr\/wp-json\/wp\/v2\/comments?post=12654"}],"version-history":[{"count":1,"href":"https:\/\/www.tierschutz-bremerhaven.eu\/tr\/wp-json\/wp\/v2\/posts\/12654\/revisions"}],"predecessor-version":[{"id":12655,"href":"https:\/\/www.tierschutz-bremerhaven.eu\/tr\/wp-json\/wp\/v2\/posts\/12654\/revisions\/12655"}],"wp:attachment":[{"href":"https:\/\/www.tierschutz-bremerhaven.eu\/tr\/wp-json\/wp\/v2\/media?parent=12654"}],"wp:term":[{"taxonomy":"category","embeddable":true,"href":"https:\/\/www.tierschutz-bremerhaven.eu\/tr\/wp-json\/wp\/v2\/categories?post=12654"},{"taxonomy":"post_tag","embeddable":true,"href":"https:\/\/www.tierschutz-bremerhaven.eu\/tr\/wp-json\/wp\/v2\/tags?post=12654"}],"curies":[{"name":"wp","href":"https:\/\/api.w.org\/{rel}","templated":true}]}}