{"id":13082,"date":"2026-02-11T14:12:34","date_gmt":"2026-02-11T13:12:34","guid":{"rendered":"https:\/\/www.tierschutz-bremerhaven.eu\/?p=13082"},"modified":"2026-02-11T14:12:34","modified_gmt":"2026-02-11T13:12:34","slug":"gelecek-guen-2026","status":"publish","type":"post","link":"https:\/\/www.tierschutz-bremerhaven.eu\/tr\/zukunftstag-2026","title":{"rendered":"Gelecek G\u00fcn 2026"},"content":{"rendered":"<p><strong><mark style=\"background-color:rgba(0, 0, 0, 0)\" class=\"has-inline-color has-vivid-red-color\">Dikkat, 2026 i\u00e7in t\u00fcm yerler dolmu\u015ftur. L\u00fctfen 2027 i\u00e7in tekrar kay\u0131t yapt\u0131r\u0131n\u0131z!<\/mark><\/strong><\/p>\n\n\n\n<p>Bir\u00e7ok \u00f6\u011frenci Gelecek G\u00fcn\u00fcn\u00fc hayvan bar\u0131na\u011f\u0131nda ge\u00e7irmek istemektedir. Bu nedenle, yer s\u0131n\u0131rl\u0131 oldu\u011fu i\u00e7in bize zaman\u0131nda kay\u0131t yapt\u0131rman\u0131z \u00e7ok \u00f6nemlidir.<\/p>\n\n\n\n<p><\/p>","protected":false},"excerpt":{"rendered":"<p>Dikkat, 2026 i\u00e7in t\u00fcm yerler dolmu\u015ftur. L\u00fctfen 2027 i\u00e7in tekrar kay\u0131t yapt\u0131r\u0131n! Bir\u00e7ok \u00f6\u011frenci Gelecek G\u00fcn\u00fcn\u00fc hayvan bar\u0131na\u011f\u0131nda ge\u00e7irmek istiyor. Bu nedenle, yerler s\u0131n\u0131rl\u0131 oldu\u011fu i\u00e7in bize zaman\u0131nda kay\u0131t yapt\u0131rman\u0131z \u00e7ok \u00f6nemlidir.<\/p>","protected":false},"author":4,"featured_media":0,"comment_status":"closed","ping_status":"","sticky":false,"template":"","format":"standard","meta":{"footnotes":""},"categories":[19],"tags":[],"class_list":["post-13082","post","type-post","status-publish","format-standard","hentry","category-neuigkeiten"],"_links":{"self":[{"href":"https:\/\/www.tierschutz-bremerhaven.eu\/tr\/wp-json\/wp\/v2\/posts\/13082","targetHints":{"allow":["GET"]}}],"collection":[{"href":"https:\/\/www.tierschutz-bremerhaven.eu\/tr\/wp-json\/wp\/v2\/posts"}],"about":[{"href":"https:\/\/www.tierschutz-bremerhaven.eu\/tr\/wp-json\/wp\/v2\/types\/post"}],"author":[{"embeddable":true,"href":"https:\/\/www.tierschutz-bremerhaven.eu\/tr\/wp-json\/wp\/v2\/users\/4"}],"replies":[{"embeddable":true,"href":"https:\/\/www.tierschutz-bremerhaven.eu\/tr\/wp-json\/wp\/v2\/comments?post=13082"}],"version-history":[{"count":2,"href":"https:\/\/www.tierschutz-bremerhaven.eu\/tr\/wp-json\/wp\/v2\/posts\/13082\/revisions"}],"predecessor-version":[{"id":13084,"href":"https:\/\/www.tierschutz-bremerhaven.eu\/tr\/wp-json\/wp\/v2\/posts\/13082\/revisions\/13084"}],"wp:attachment":[{"href":"https:\/\/www.tierschutz-bremerhaven.eu\/tr\/wp-json\/wp\/v2\/media?parent=13082"}],"wp:term":[{"taxonomy":"category","embeddable":true,"href":"https:\/\/www.tierschutz-bremerhaven.eu\/tr\/wp-json\/wp\/v2\/categories?post=13082"},{"taxonomy":"post_tag","embeddable":true,"href":"https:\/\/www.tierschutz-bremerhaven.eu\/tr\/wp-json\/wp\/v2\/tags?post=13082"}],"curies":[{"name":"wp","href":"https:\/\/api.w.org\/{rel}","templated":true}]}}