{"id":6788,"date":"2022-05-03T09:50:50","date_gmt":"2022-05-03T09:50:50","guid":{"rendered":"https:\/\/www.tierschutz-bremerhaven.eu\/?p=6788"},"modified":"2024-01-08T08:49:57","modified_gmt":"2024-01-08T08:49:57","slug":"gelecek-guen-2022","status":"publish","type":"post","link":"https:\/\/www.tierschutz-bremerhaven.eu\/tr\/zukunftstag-2022","title":{"rendered":"Gelecek G\u00fcn 2022"},"content":{"rendered":"<p>Hayvan bar\u0131na\u011f\u0131m\u0131z y\u0131lda bir kez, hayvan bak\u0131c\u0131l\u0131\u011f\u0131 mesle\u011fi hakk\u0131nda daha fazla bilgi edinmek isteyen k\u0131z ve erkek \u00e7ocuklar\u0131na kap\u0131lar\u0131n\u0131 a\u00e7\u0131yor.<\/p>\n\n\n\n<p>28 Nisan'da sekiz k\u0131z bizi ziyaret ederek bir g\u00fcn boyunca perde arkas\u0131na bakma ve g\u00fcnl\u00fck \u00e7al\u0131\u015fma s\u00fcre\u00e7lerinin tad\u0131na varma f\u0131rsat\u0131 buldu.<\/p>\n\n\n\n<figure class=\"wp-block-image size-large\"><img fetchpriority=\"high\" decoding=\"async\" width=\"1024\" height=\"576\" src=\"https:\/\/www.tierschutz-bremerhaven.eu\/wp-content\/uploads\/2022\/04\/Zukunftstag-1024x576.jpg\" alt=\"\" class=\"wp-image-6765\" srcset=\"https:\/\/www.tierschutz-bremerhaven.eu\/wp-content\/uploads\/2022\/04\/Zukunftstag-1024x576.jpg 1024w, https:\/\/www.tierschutz-bremerhaven.eu\/wp-content\/uploads\/2022\/04\/Zukunftstag-300x169.jpg 300w, https:\/\/www.tierschutz-bremerhaven.eu\/wp-content\/uploads\/2022\/04\/Zukunftstag-768x432.jpg 768w, https:\/\/www.tierschutz-bremerhaven.eu\/wp-content\/uploads\/2022\/04\/Zukunftstag.jpg 1311w\" sizes=\"(max-width: 1024px) 100vw, 1024px\" \/><\/figure>\n\n\n\n<p>Hayvan bak\u0131c\u0131lar\u0131yla birlikte kedi odalar\u0131n\u0131 ve k\u00f6pek kul\u00fcbelerini temizlediler, kemirgenlerimizi beslediler, bar\u0131nak sakinlerinden baz\u0131lar\u0131n\u0131n t\u00fcylerini t\u0131mar ettiler ve bar\u0131nakta yap\u0131lmas\u0131 gereken farkl\u0131 i\u015f t\u00fcrlerini g\u00f6rme f\u0131rsat\u0131 buldular.<\/p>\n\n\n\n<p>Daha sonra \u00f6\u011frenciler (hayvan bak\u0131c\u0131s\u0131 Ela ile birlikte) hayvan bar\u0131na\u011f\u0131n\u0131n t\u00fcm alanlar\u0131n\u0131 gezme f\u0131rsat\u0131 buldular.<\/p>\n\n\n\n<p>Ama g\u00fcn\u00fcn en g\u00fczel k\u0131sm\u0131 kesinlikle kedilerimiz ve k\u00f6pe\u011fimiz Rufus ile oynamak ve kucakla\u015fmakt\u0131.........<\/p>\n\n\n\n<figure class=\"wp-block-image size-large is-resized\"><img decoding=\"async\" src=\"https:\/\/www.tierschutz-bremerhaven.eu\/wp-content\/uploads\/2022\/04\/image0-1-731x1024.jpeg\" alt=\"\" class=\"wp-image-6767\" width=\"548\" height=\"768\" srcset=\"https:\/\/www.tierschutz-bremerhaven.eu\/wp-content\/uploads\/2022\/04\/image0-1-731x1024.jpeg 731w, https:\/\/www.tierschutz-bremerhaven.eu\/wp-content\/uploads\/2022\/04\/image0-1-214x300.jpeg 214w, https:\/\/www.tierschutz-bremerhaven.eu\/wp-content\/uploads\/2022\/04\/image0-1-768x1076.jpeg 768w, https:\/\/www.tierschutz-bremerhaven.eu\/wp-content\/uploads\/2022\/04\/image0-1.jpeg 919w\" sizes=\"(max-width: 548px) 100vw, 548px\" \/><\/figure>","protected":false},"excerpt":{"rendered":"<p>Unser Tierheim \u00f6ffnet einmal im Jahr die T\u00fcren f\u00fcr M\u00e4dchen und Jungs, die sich \u00fcber den Beruf des Tierpflegers informieren m\u00f6chten. Am 28. April haben uns acht M\u00e4dchen besucht, konnten einen Tag lang hinter die Kulissen schauen und in die t\u00e4glich Arbeitsabl\u00e4ufe hineinschnuppern. Gemeinsam mit TierpflegerInnen reinigten sie Katzenr\u00e4ume und Hundezwinger, f\u00fctterten unsere Nager, k\u00fcmmerten [&hellip;]<\/p>\n","protected":false},"author":3,"featured_media":0,"comment_status":"closed","ping_status":"closed","sticky":false,"template":"","format":"standard","meta":{"footnotes":""},"categories":[19],"tags":[],"class_list":["post-6788","post","type-post","status-publish","format-standard","hentry","category-neuigkeiten"],"_links":{"self":[{"href":"https:\/\/www.tierschutz-bremerhaven.eu\/tr\/wp-json\/wp\/v2\/posts\/6788","targetHints":{"allow":["GET"]}}],"collection":[{"href":"https:\/\/www.tierschutz-bremerhaven.eu\/tr\/wp-json\/wp\/v2\/posts"}],"about":[{"href":"https:\/\/www.tierschutz-bremerhaven.eu\/tr\/wp-json\/wp\/v2\/types\/post"}],"author":[{"embeddable":true,"href":"https:\/\/www.tierschutz-bremerhaven.eu\/tr\/wp-json\/wp\/v2\/users\/3"}],"replies":[{"embeddable":true,"href":"https:\/\/www.tierschutz-bremerhaven.eu\/tr\/wp-json\/wp\/v2\/comments?post=6788"}],"version-history":[{"count":2,"href":"https:\/\/www.tierschutz-bremerhaven.eu\/tr\/wp-json\/wp\/v2\/posts\/6788\/revisions"}],"predecessor-version":[{"id":6794,"href":"https:\/\/www.tierschutz-bremerhaven.eu\/tr\/wp-json\/wp\/v2\/posts\/6788\/revisions\/6794"}],"wp:attachment":[{"href":"https:\/\/www.tierschutz-bremerhaven.eu\/tr\/wp-json\/wp\/v2\/media?parent=6788"}],"wp:term":[{"taxonomy":"category","embeddable":true,"href":"https:\/\/www.tierschutz-bremerhaven.eu\/tr\/wp-json\/wp\/v2\/categories?post=6788"},{"taxonomy":"post_tag","embeddable":true,"href":"https:\/\/www.tierschutz-bremerhaven.eu\/tr\/wp-json\/wp\/v2\/tags?post=6788"}],"curies":[{"name":"wp","href":"https:\/\/api.w.org\/{rel}","templated":true}]}}