{"id":9889,"date":"2025-01-05T15:22:18","date_gmt":"2025-01-05T14:22:18","guid":{"rendered":"https:\/\/www.tierschutz-bremerhaven.eu\/?p=9889"},"modified":"2025-01-09T14:46:47","modified_gmt":"2025-01-09T13:46:47","slug":"gelecek-guen-2025","status":"publish","type":"post","link":"https:\/\/www.tierschutz-bremerhaven.eu\/tr\/zukunftstag-2025","title":{"rendered":"Gelecek G\u00fcn 2025"},"content":{"rendered":"<p class=\"has-vivid-red-color has-text-color has-link-color wp-elements-b1b4c947b6349ec7d41e2a3655be0561\"><strong>Dikkat, 2025 i\u00e7in t\u00fcm yerler dolmu\u015ftur. L\u00fctfen 2026 i\u00e7in tekrar kay\u0131t yapt\u0131r\u0131n\u0131z!<\/strong> <\/p>\n\n\n\n<p class=\"has-black-color has-text-color has-link-color wp-elements-cd081aa468eb690cacb1cbc2b172a725\">Bir\u00e7ok \u00f6\u011frenci Gelecek G\u00fcn\u00fcn\u00fc hayvan bar\u0131na\u011f\u0131nda ge\u00e7irmek istemektedir. Bu nedenle, yer s\u0131n\u0131rl\u0131 oldu\u011fu i\u00e7in bize zaman\u0131nda kay\u0131t yapt\u0131rman\u0131z \u00e7ok \u00f6nemlidir.<\/p>\n\n\n\n<p>Future Day 2025 i\u00e7in ba\u015fvuru s\u00fcresi (01.01.2025 - 28.02.2025). \u0130lginiz i\u00e7in te\u015fekk\u00fcr ederiz!<\/p>\n\n\n\n<p><\/p>","protected":false},"excerpt":{"rendered":"<p style=\"color:#cf2e2e;font-weight:bold;\">Dikkat, 2025 i\u00e7in t\u00fcm yerler dolmu\u015ftur. L\u00fctfen 2026 i\u00e7in tekrar kay\u0131t yapt\u0131r\u0131n\u0131z!<\/p>\n<p>Bir\u00e7ok \u00f6\u011frenci Gelecek G\u00fcn\u00fcn\u00fc hayvan bar\u0131na\u011f\u0131nda ge\u00e7irmek istemektedir. Bu nedenle, yer s\u0131n\u0131rl\u0131 oldu\u011fu i\u00e7in bize zaman\u0131nda kay\u0131t yapt\u0131rman\u0131z \u00e7ok \u00f6nemlidir.<\/p>","protected":false},"author":4,"featured_media":0,"comment_status":"closed","ping_status":"closed","sticky":false,"template":"","format":"standard","meta":{"footnotes":""},"categories":[19],"tags":[],"class_list":["post-9889","post","type-post","status-publish","format-standard","hentry","category-neuigkeiten"],"_links":{"self":[{"href":"https:\/\/www.tierschutz-bremerhaven.eu\/tr\/wp-json\/wp\/v2\/posts\/9889","targetHints":{"allow":["GET"]}}],"collection":[{"href":"https:\/\/www.tierschutz-bremerhaven.eu\/tr\/wp-json\/wp\/v2\/posts"}],"about":[{"href":"https:\/\/www.tierschutz-bremerhaven.eu\/tr\/wp-json\/wp\/v2\/types\/post"}],"author":[{"embeddable":true,"href":"https:\/\/www.tierschutz-bremerhaven.eu\/tr\/wp-json\/wp\/v2\/users\/4"}],"replies":[{"embeddable":true,"href":"https:\/\/www.tierschutz-bremerhaven.eu\/tr\/wp-json\/wp\/v2\/comments?post=9889"}],"version-history":[{"count":5,"href":"https:\/\/www.tierschutz-bremerhaven.eu\/tr\/wp-json\/wp\/v2\/posts\/9889\/revisions"}],"predecessor-version":[{"id":11187,"href":"https:\/\/www.tierschutz-bremerhaven.eu\/tr\/wp-json\/wp\/v2\/posts\/9889\/revisions\/11187"}],"wp:attachment":[{"href":"https:\/\/www.tierschutz-bremerhaven.eu\/tr\/wp-json\/wp\/v2\/media?parent=9889"}],"wp:term":[{"taxonomy":"category","embeddable":true,"href":"https:\/\/www.tierschutz-bremerhaven.eu\/tr\/wp-json\/wp\/v2\/categories?post=9889"},{"taxonomy":"post_tag","embeddable":true,"href":"https:\/\/www.tierschutz-bremerhaven.eu\/tr\/wp-json\/wp\/v2\/tags?post=9889"}],"curies":[{"name":"wp","href":"https:\/\/api.w.org\/{rel}","templated":true}]}}